{"id":18262,"date":"2025-04-08T15:35:50","date_gmt":"2025-04-08T13:35:50","guid":{"rendered":"https:\/\/www.logisticauno.com\/?p=18262"},"modified":"2026-02-18T16:11:17","modified_gmt":"2026-02-18T15:11:17","slug":"podcast-logistica-uno-ai-microfoni-di-distribuzione-moderna","status":"publish","type":"post","link":"https:\/\/www.logisticauno.com\/en\/podcast-logistica-uno-ai-microfoni-di-distribuzione-moderna\/","title":{"rendered":"Podcast: Logistica Uno ai microfoni di Distribuzione Moderna"},"content":{"rendered":"<div data-elementor-type=\"wp-post\" data-elementor-id=\"18262\" class=\"elementor elementor-18262\" data-elementor-post-type=\"post\">\n\t\t\t\t<div class=\"elementor-element elementor-element-222ecc6 e-flex e-con-boxed e-con e-parent\" data-id=\"222ecc6\" data-element_type=\"container\" data-e-type=\"container\" data-settings=\"{&quot;background_background&quot;:&quot;classic&quot;}\">\n\t\t\t\t\t<div class=\"e-con-inner\">\n\t\t\t\t<div class=\"elementor-element elementor-element-c3edc16 elementor-widget elementor-widget-theme-post-title elementor-page-title elementor-widget-heading\" data-id=\"c3edc16\" data-element_type=\"widget\" data-e-type=\"widget\" data-widget_type=\"theme-post-title.default\">\n\t\t\t\t<div class=\"elementor-widget-container\">\n\t\t\t\t\t<h1 class=\"elementor-heading-title elementor-size-default\">Podcast: Logistica Uno ai microfoni di Distribuzione Moderna<\/h1>\t\t\t\t<\/div>\n\t\t\t\t<\/div>\n\t\t\t\t\t<\/div>\n\t\t\t\t<\/div>\n\t\t<div class=\"elementor-element elementor-element-3eaacac e-flex e-con-boxed e-con e-parent\" data-id=\"3eaacac\" data-element_type=\"container\" data-e-type=\"container\">\n\t\t\t\t\t<div class=\"e-con-inner\">\n\t\t<div class=\"elementor-element elementor-element-7608f8b e-con-full e-flex e-con e-child\" data-id=\"7608f8b\" data-element_type=\"container\" data-e-type=\"container\">\n\t\t<div class=\"elementor-element elementor-element-bb28227 e-flex e-con-boxed e-con e-child\" data-id=\"bb28227\" data-element_type=\"container\" data-e-type=\"container\">\n\t\t\t\t\t<div class=\"e-con-inner\">\n\t\t\t\t<div class=\"elementor-element elementor-element-d2e63ef elementor-widget elementor-widget-image\" data-id=\"d2e63ef\" data-element_type=\"widget\" data-e-type=\"widget\" data-widget_type=\"image.default\">\n\t\t\t\t<div class=\"elementor-widget-container\">\n\t\t\t\t\t\t\t\t\t\t\t\t\t\t\t<img fetchpriority=\"high\" decoding=\"async\" width=\"768\" height=\"768\" src=\"https:\/\/www.logisticauno.com\/wp-content\/uploads\/2025\/04\/POST-Podcast-768x768.png\" class=\"attachment-medium_large size-medium_large wp-image-18263\" alt=\"Podcast: Logistica Uno ai microfoni di Distribuzione Moderna\" srcset=\"https:\/\/www.logisticauno.com\/wp-content\/uploads\/2025\/04\/POST-Podcast-768x768.png 768w, https:\/\/www.logisticauno.com\/wp-content\/uploads\/2025\/04\/POST-Podcast-300x300.png 300w, https:\/\/www.logisticauno.com\/wp-content\/uploads\/2025\/04\/POST-Podcast-1024x1024.png 1024w, https:\/\/www.logisticauno.com\/wp-content\/uploads\/2025\/04\/POST-Podcast-150x150.png 150w, https:\/\/www.logisticauno.com\/wp-content\/uploads\/2025\/04\/POST-Podcast-12x12.png 12w, https:\/\/www.logisticauno.com\/wp-content\/uploads\/2025\/04\/POST-Podcast.png 1080w\" sizes=\"(max-width: 768px) 100vw, 768px\" \/>\t\t\t\t\t\t\t\t\t\t\t\t\t\t\t<\/div>\n\t\t\t\t<\/div>\n\t\t\t\t<div class=\"elementor-element elementor-element-1b0678a elementor-widget elementor-widget-text-editor\" data-id=\"1b0678a\" data-element_type=\"widget\" data-e-type=\"widget\" data-widget_type=\"text-editor.default\">\n\t\t\t\t<div class=\"elementor-widget-container\">\n\t\t\t\t\t\t\t\t\t<p>LogiGreen \u00e8 la unit di Logistica Uno dedicata alla sostenibilit\u00e0 ambientale, sociale e alla promozione del benessere. Con iniziative concrete e progetti trasversali, LogiGreen riflette l\u2019impegno dell\u2019azienda verso un futuro pi\u00f9 responsabile.<br \/>Oggi questo impegno si racconta anche attraverso un nuovo canale di comunicazione: il podcast. <\/p><p>Veronica Corbellini, Head of Quality &amp; HSE, e Ylenia Vientini, Team Business Controlling &amp; ESG, hanno raccontato ai microfoni del Podcast di Distribuzione Moderna come Logistica Uno integra la sostenibilit\u00e0 nel proprio DNA, trasformando le certificazioni strategiche in strumenti concreti di miglioramento continuo e valore competitivo.<br \/><br \/>Una visione che \u00e8 stata riconosciuta anche a livello nazionale: siamo tra le Top 100 aziende italiane pi\u00f9 virtuose in tema di sostenibilit\u00e0, ricevendo il prestigioso Sustainability Award 2024, un riconoscimento, che valorizza le aziende con i migliori ESG Rating per il loro impegno ambientale e sociale.<br \/>Per noi la sostenibilit\u00e0 \u00e8 un percorso, non un punto di arrivo: ogni certificazione \u00e8 un\u2019occasione per crescere, migliorarci e generare valore per clienti, partner e comunit\u00e0.<br \/><br \/>\u27a1\ufe0f L\u2019obiettivo? Continuare a innovare nella logistica sostenibile, ogni giorno.<\/p>\t\t\t\t\t\t\t\t<\/div>\n\t\t\t\t<\/div>\n\t\t\t\t\t<\/div>\n\t\t\t\t<\/div>\n\t\t\t\t<div class=\"elementor-element elementor-element-04691b4 elementor-widget elementor-widget-button\" data-id=\"04691b4\" data-element_type=\"widget\" data-e-type=\"widget\" data-widget_type=\"button.default\">\n\t\t\t\t<div class=\"elementor-widget-container\">\n\t\t\t\t\t\t\t\t\t<div class=\"elementor-button-wrapper\">\n\t\t\t\t\t<a class=\"elementor-button elementor-button-link elementor-size-sm\" href=\"https:\/\/distribuzionemoderna.info\/podcast\/retail-trend\/logistica-uno-tutti-gli-obiettivi-di-sostenibilita\" target=\"_blank\">\n\t\t\t\t\t\t<span class=\"elementor-button-content-wrapper\">\n\t\t\t\t\t\t\t\t\t<span class=\"elementor-button-text\">Ascolta qui il PODCAST<\/span>\n\t\t\t\t\t<\/span>\n\t\t\t\t\t<\/a>\n\t\t\t\t<\/div>\n\t\t\t\t\t\t\t\t<\/div>\n\t\t\t\t<\/div>\n\t\t\t\t<\/div>\n\t\t<div class=\"elementor-element elementor-element-38a364e e-con-full elementor-hidden-tablet elementor-hidden-mobile e-flex e-con e-child\" data-id=\"38a364e\" data-element_type=\"container\" data-e-type=\"container\">\n\t\t\t\t<div class=\"elementor-element elementor-element-9c8e887 elementor-widget elementor-widget-heading\" data-id=\"9c8e887\" data-element_type=\"widget\" data-e-type=\"widget\" data-widget_type=\"heading.default\">\n\t\t\t\t<div class=\"elementor-widget-container\">\n\t\t\t\t\t<h2 class=\"elementor-heading-title elementor-size-default\">Related news<\/h2>\t\t\t\t<\/div>\n\t\t\t\t<\/div>\n\t\t\t\t<div class=\"elementor-element elementor-element-708fc22 elementor-grid-1 elementor-posts--thumbnail-left elementor-grid-tablet-2 elementor-grid-mobile-1 elementor-widget elementor-widget-posts\" data-id=\"708fc22\" data-element_type=\"widget\" data-e-type=\"widget\" data-settings=\"{&quot;classic_columns&quot;:&quot;1&quot;,&quot;classic_row_gap&quot;:{&quot;unit&quot;:&quot;px&quot;,&quot;size&quot;:&quot;10&quot;,&quot;sizes&quot;:[]},&quot;classic_columns_tablet&quot;:&quot;2&quot;,&quot;classic_columns_mobile&quot;:&quot;1&quot;,&quot;classic_row_gap_tablet_extra&quot;:{&quot;unit&quot;:&quot;px&quot;,&quot;size&quot;:&quot;&quot;,&quot;sizes&quot;:[]},&quot;classic_row_gap_tablet&quot;:{&quot;unit&quot;:&quot;px&quot;,&quot;size&quot;:&quot;&quot;,&quot;sizes&quot;:[]},&quot;classic_row_gap_mobile&quot;:{&quot;unit&quot;:&quot;px&quot;,&quot;size&quot;:&quot;&quot;,&quot;sizes&quot;:[]}}\" data-widget_type=\"posts.classic\">\n\t\t\t\t<div class=\"elementor-widget-container\">\n\t\t\t\t\t\t\t<div class=\"elementor-posts-container elementor-posts elementor-posts--skin-classic elementor-grid\" role=\"list\">\n\t\t\t\t<article class=\"elementor-post elementor-grid-item post-20213 post type-post status-publish format-standard has-post-thumbnail hentry category-news\" role=\"listitem\">\n\t\t\t\t<a class=\"elementor-post__thumbnail__link\" href=\"https:\/\/www.logisticauno.com\/en\/logistica-uno-vincitrice-degli-employer-branding-awards\/\" tabindex=\"-1\" >\n\t\t\t<div class=\"elementor-post__thumbnail\"><img decoding=\"async\" width=\"225\" height=\"300\" src=\"https:\/\/www.logisticauno.com\/wp-content\/uploads\/2026\/02\/WhatsApp-Image-2026-02-23-at-09.42.17-1-225x300.jpeg\" class=\"attachment-medium size-medium wp-image-20214\" alt=\"Logistica Uno vincitrice degli Employer Branding Awards\" srcset=\"https:\/\/www.logisticauno.com\/wp-content\/uploads\/2026\/02\/WhatsApp-Image-2026-02-23-at-09.42.17-1-225x300.jpeg 225w, https:\/\/www.logisticauno.com\/wp-content\/uploads\/2026\/02\/WhatsApp-Image-2026-02-23-at-09.42.17-1-768x1024.jpeg 768w, https:\/\/www.logisticauno.com\/wp-content\/uploads\/2026\/02\/WhatsApp-Image-2026-02-23-at-09.42.17-1-1152x1536.jpeg 1152w, https:\/\/www.logisticauno.com\/wp-content\/uploads\/2026\/02\/WhatsApp-Image-2026-02-23-at-09.42.17-1-9x12.jpeg 9w, https:\/\/www.logisticauno.com\/wp-content\/uploads\/2026\/02\/WhatsApp-Image-2026-02-23-at-09.42.17-1.jpeg 1200w\" sizes=\"(max-width: 225px) 100vw, 225px\" \/><\/div>\n\t\t<\/a>\n\t\t\t\t<div class=\"elementor-post__text\">\n\t\t\t\t<h3 class=\"elementor-post__title\">\n\t\t\t<a href=\"https:\/\/www.logisticauno.com\/en\/logistica-uno-vincitrice-degli-employer-branding-awards\/\" >\n\t\t\t\tLogistica Uno vincitrice degli Employer Branding Awards\t\t\t<\/a>\n\t\t<\/h3>\n\t\t\t\t<div class=\"elementor-post__meta-data\">\n\t\t\t\t\t<span class=\"elementor-post-date\">\n\t\t\t24 February 2026\t\t<\/span>\n\t\t\t\t<\/div>\n\t\t\n\t\t<a class=\"elementor-post__read-more\" href=\"https:\/\/www.logisticauno.com\/en\/logistica-uno-vincitrice-degli-employer-branding-awards\/\" aria-label=\"Read more about Logistica Uno vincitrice degli Employer Branding Awards\" tabindex=\"-1\" >\n\t\t\tRead More &#034;\t\t<\/a>\n\n\t\t\t\t<\/div>\n\t\t\t\t<\/article>\n\t\t\t\t<article class=\"elementor-post elementor-grid-item post-20201 post type-post status-publish format-standard has-post-thumbnail hentry category-news\" role=\"listitem\">\n\t\t\t\t<a class=\"elementor-post__thumbnail__link\" href=\"https:\/\/www.logisticauno.com\/en\/logistica-uno-a-marca-2026\/\" tabindex=\"-1\" >\n\t\t\t<div class=\"elementor-post__thumbnail\"><img decoding=\"async\" width=\"225\" height=\"300\" src=\"https:\/\/www.logisticauno.com\/wp-content\/uploads\/2026\/02\/WhatsApp-Image-2026-01-16-at-10.32.01-9-225x300.jpeg\" class=\"attachment-medium size-medium wp-image-20202\" alt=\"Logistica Uno a MARCA 2026\" srcset=\"https:\/\/www.logisticauno.com\/wp-content\/uploads\/2026\/02\/WhatsApp-Image-2026-01-16-at-10.32.01-9-225x300.jpeg 225w, https:\/\/www.logisticauno.com\/wp-content\/uploads\/2026\/02\/WhatsApp-Image-2026-01-16-at-10.32.01-9-768x1024.jpeg 768w, https:\/\/www.logisticauno.com\/wp-content\/uploads\/2026\/02\/WhatsApp-Image-2026-01-16-at-10.32.01-9-1152x1536.jpeg 1152w, https:\/\/www.logisticauno.com\/wp-content\/uploads\/2026\/02\/WhatsApp-Image-2026-01-16-at-10.32.01-9-9x12.jpeg 9w, https:\/\/www.logisticauno.com\/wp-content\/uploads\/2026\/02\/WhatsApp-Image-2026-01-16-at-10.32.01-9.jpeg 1200w\" sizes=\"(max-width: 225px) 100vw, 225px\" \/><\/div>\n\t\t<\/a>\n\t\t\t\t<div class=\"elementor-post__text\">\n\t\t\t\t<h3 class=\"elementor-post__title\">\n\t\t\t<a href=\"https:\/\/www.logisticauno.com\/en\/logistica-uno-a-marca-2026\/\" >\n\t\t\t\tLogistica Uno a MARCA 2026\t\t\t<\/a>\n\t\t<\/h3>\n\t\t\t\t<div class=\"elementor-post__meta-data\">\n\t\t\t\t\t<span class=\"elementor-post-date\">\n\t\t\t24 February 2026\t\t<\/span>\n\t\t\t\t<\/div>\n\t\t\n\t\t<a class=\"elementor-post__read-more\" href=\"https:\/\/www.logisticauno.com\/en\/logistica-uno-a-marca-2026\/\" aria-label=\"Read more about Logistica Uno a MARCA 2026\" tabindex=\"-1\" >\n\t\t\tRead More &#034;\t\t<\/a>\n\n\t\t\t\t<\/div>\n\t\t\t\t<\/article>\n\t\t\t\t<article class=\"elementor-post elementor-grid-item post-20196 post type-post status-publish format-standard has-post-thumbnail hentry category-news\" role=\"listitem\">\n\t\t\t\t<a class=\"elementor-post__thumbnail__link\" href=\"https:\/\/www.logisticauno.com\/en\/logistica-uno-vince-il-premio-visionari-dimpresa-2\/\" tabindex=\"-1\" >\n\t\t\t<div class=\"elementor-post__thumbnail\"><img loading=\"lazy\" decoding=\"async\" width=\"300\" height=\"251\" src=\"https:\/\/www.logisticauno.com\/wp-content\/uploads\/2026\/02\/Immagine-2026-02-24-105810-300x251.png\" class=\"attachment-medium size-medium wp-image-20197\" alt=\"Logistica Uno vince il Premio Visionari d&#039;Impresa\" srcset=\"https:\/\/www.logisticauno.com\/wp-content\/uploads\/2026\/02\/Immagine-2026-02-24-105810-300x251.png 300w, https:\/\/www.logisticauno.com\/wp-content\/uploads\/2026\/02\/Immagine-2026-02-24-105810-14x12.png 14w, https:\/\/www.logisticauno.com\/wp-content\/uploads\/2026\/02\/Immagine-2026-02-24-105810.png 636w\" sizes=\"(max-width: 300px) 100vw, 300px\" \/><\/div>\n\t\t<\/a>\n\t\t\t\t<div class=\"elementor-post__text\">\n\t\t\t\t<h3 class=\"elementor-post__title\">\n\t\t\t<a href=\"https:\/\/www.logisticauno.com\/en\/logistica-uno-vince-il-premio-visionari-dimpresa-2\/\" >\n\t\t\t\tLogistica Uno vince il Premio Visionari d&#8217;Impresa\t\t\t<\/a>\n\t\t<\/h3>\n\t\t\t\t<div class=\"elementor-post__meta-data\">\n\t\t\t\t\t<span class=\"elementor-post-date\">\n\t\t\t24 February 2026\t\t<\/span>\n\t\t\t\t<\/div>\n\t\t\n\t\t<a class=\"elementor-post__read-more\" href=\"https:\/\/www.logisticauno.com\/en\/logistica-uno-vince-il-premio-visionari-dimpresa-2\/\" aria-label=\"Read more about Logistica Uno vince il Premio Visionari d&#8217;Impresa\" tabindex=\"-1\" >\n\t\t\tRead More &#034;\t\t<\/a>\n\n\t\t\t\t<\/div>\n\t\t\t\t<\/article>\n\t\t\t\t<article class=\"elementor-post elementor-grid-item post-20191 post type-post status-publish format-standard has-post-thumbnail hentry category-news\" role=\"listitem\">\n\t\t\t\t<a class=\"elementor-post__thumbnail__link\" href=\"https:\/\/www.logisticauno.com\/en\/logistica-uno-vince-il-premio-nazionale-adriano-olivetti\/\" tabindex=\"-1\" >\n\t\t\t<div class=\"elementor-post__thumbnail\"><img loading=\"lazy\" decoding=\"async\" width=\"300\" height=\"259\" src=\"https:\/\/www.logisticauno.com\/wp-content\/uploads\/2026\/02\/Immagine-2026-02-24-105357-300x259.png\" class=\"attachment-medium size-medium wp-image-20192\" alt=\"Logistica Uno vince il Premio Nazionale Adriano Olivetti\" srcset=\"https:\/\/www.logisticauno.com\/wp-content\/uploads\/2026\/02\/Immagine-2026-02-24-105357-300x259.png 300w, https:\/\/www.logisticauno.com\/wp-content\/uploads\/2026\/02\/Immagine-2026-02-24-105357-14x12.png 14w, https:\/\/www.logisticauno.com\/wp-content\/uploads\/2026\/02\/Immagine-2026-02-24-105357.png 593w\" sizes=\"(max-width: 300px) 100vw, 300px\" \/><\/div>\n\t\t<\/a>\n\t\t\t\t<div class=\"elementor-post__text\">\n\t\t\t\t<h3 class=\"elementor-post__title\">\n\t\t\t<a href=\"https:\/\/www.logisticauno.com\/en\/logistica-uno-vince-il-premio-nazionale-adriano-olivetti\/\" >\n\t\t\t\tLogistica Uno vince il Premio Nazionale Adriano Olivetti\t\t\t<\/a>\n\t\t<\/h3>\n\t\t\t\t<div class=\"elementor-post__meta-data\">\n\t\t\t\t\t<span class=\"elementor-post-date\">\n\t\t\t24 February 2026\t\t<\/span>\n\t\t\t\t<\/div>\n\t\t\n\t\t<a class=\"elementor-post__read-more\" href=\"https:\/\/www.logisticauno.com\/en\/logistica-uno-vince-il-premio-nazionale-adriano-olivetti\/\" aria-label=\"Read more about Logistica Uno vince il Premio Nazionale Adriano Olivetti\" tabindex=\"-1\" >\n\t\t\tRead More &#034;\t\t<\/a>\n\n\t\t\t\t<\/div>\n\t\t\t\t<\/article>\n\t\t\t\t<article class=\"elementor-post elementor-grid-item post-20183 post type-post status-publish format-standard has-post-thumbnail hentry category-news\" role=\"listitem\">\n\t\t\t\t<a class=\"elementor-post__thumbnail__link\" href=\"https:\/\/www.logisticauno.com\/en\/logistica-uno-vince-il-premio-eubiosia-fondazione-ant\/\" tabindex=\"-1\" >\n\t\t\t<div class=\"elementor-post__thumbnail\"><img loading=\"lazy\" decoding=\"async\" width=\"300\" height=\"208\" src=\"https:\/\/www.logisticauno.com\/wp-content\/uploads\/2026\/02\/Immagine-2026-02-24-104823-300x208.png\" class=\"attachment-medium size-medium wp-image-20184\" alt=\"\" srcset=\"https:\/\/www.logisticauno.com\/wp-content\/uploads\/2026\/02\/Immagine-2026-02-24-104823-300x208.png 300w, https:\/\/www.logisticauno.com\/wp-content\/uploads\/2026\/02\/Immagine-2026-02-24-104823-18x12.png 18w, https:\/\/www.logisticauno.com\/wp-content\/uploads\/2026\/02\/Immagine-2026-02-24-104823.png 529w\" sizes=\"(max-width: 300px) 100vw, 300px\" \/><\/div>\n\t\t<\/a>\n\t\t\t\t<div class=\"elementor-post__text\">\n\t\t\t\t<h3 class=\"elementor-post__title\">\n\t\t\t<a href=\"https:\/\/www.logisticauno.com\/en\/logistica-uno-vince-il-premio-eubiosia-fondazione-ant\/\" >\n\t\t\t\tLogistica Uno vince il Premio Eubiosia &#8211; Fondazione ANT\t\t\t<\/a>\n\t\t<\/h3>\n\t\t\t\t<div class=\"elementor-post__meta-data\">\n\t\t\t\t\t<span class=\"elementor-post-date\">\n\t\t\t24 February 2026\t\t<\/span>\n\t\t\t\t<\/div>\n\t\t\n\t\t<a class=\"elementor-post__read-more\" href=\"https:\/\/www.logisticauno.com\/en\/logistica-uno-vince-il-premio-eubiosia-fondazione-ant\/\" aria-label=\"Read more about Logistica Uno vince il Premio Eubiosia &#8211; Fondazione ANT\" tabindex=\"-1\" >\n\t\t\tRead More &#034;\t\t<\/a>\n\n\t\t\t\t<\/div>\n\t\t\t\t<\/article>\n\t\t\t\t<\/div>\n\t\t\n\t\t\t\t\t\t<\/div>\n\t\t\t\t<\/div>\n\t\t\t\t<\/div>\n\t\t\t\t\t<\/div>\n\t\t\t\t<\/div>\n\t\t<div class=\"elementor-element elementor-element-9d3ee6d e-flex e-con-boxed e-con e-parent\" data-id=\"9d3ee6d\" data-element_type=\"container\" data-e-type=\"container\">\n\t\t\t\t\t<div class=\"e-con-inner\">\n\t\t<div class=\"elementor-element elementor-element-a8d2878 e-con-full e-flex e-con e-child\" data-id=\"a8d2878\" data-element_type=\"container\" data-e-type=\"container\">\n\t\t\t\t<\/div>\n\t\t<div class=\"elementor-element elementor-element-f117938 e-con-full e-flex e-con e-child\" data-id=\"f117938\" data-element_type=\"container\" data-e-type=\"container\">\n\t\t\t\t<div class=\"elementor-element elementor-element-f7defc2 elementor-align-center elementor-widget elementor-widget-button\" data-id=\"f7defc2\" data-element_type=\"widget\" data-e-type=\"widget\" data-widget_type=\"button.default\">\n\t\t\t\t<div class=\"elementor-widget-container\">\n\t\t\t\t\t\t\t\t\t<div class=\"elementor-button-wrapper\">\n\t\t\t\t\t<a class=\"elementor-button elementor-button-link elementor-size-sm\" href=\"https:\/\/www.logisticauno.com\/en\/news\/\">\n\t\t\t\t\t\t<span class=\"elementor-button-content-wrapper\">\n\t\t\t\t\t\t\t\t\t<span class=\"elementor-button-text\">BACK TO NEWS<\/span>\n\t\t\t\t\t<\/span>\n\t\t\t\t\t<\/a>\n\t\t\t\t<\/div>\n\t\t\t\t\t\t\t\t<\/div>\n\t\t\t\t<\/div>\n\t\t\t\t<\/div>\n\t\t<div class=\"elementor-element elementor-element-725cfe5 e-con-full e-flex e-con e-child\" data-id=\"725cfe5\" data-element_type=\"container\" data-e-type=\"container\">\n\t\t\t\t<\/div>\n\t\t\t\t\t<\/div>\n\t\t\t\t<\/div>\n\t\t<div class=\"elementor-element elementor-element-f165a6e e-flex e-con-boxed e-con e-parent\" data-id=\"f165a6e\" data-element_type=\"container\" data-e-type=\"container\">\n\t\t\t\t\t<div class=\"e-con-inner\">\n\t\t<div class=\"elementor-element elementor-element-1f12b6b e-con-full e-flex e-con e-child\" data-id=\"1f12b6b\" data-element_type=\"container\" data-e-type=\"container\">\n\t\t\t\t<div class=\"elementor-element elementor-element-96d61e4 elementor-post-navigation-borders-yes elementor-widget elementor-widget-post-navigation\" data-id=\"96d61e4\" data-element_type=\"widget\" data-e-type=\"widget\" data-widget_type=\"post-navigation.default\">\n\t\t\t\t<div class=\"elementor-widget-container\">\n\t\t\t\t\t\t\t<div class=\"elementor-post-navigation\" role=\"navigation\" aria-label=\"Post Navigation\">\n\t\t\t<div class=\"elementor-post-navigation__prev elementor-post-navigation__link\">\n\t\t\t\t<a href=\"https:\/\/www.logisticauno.com\/en\/logistica-uno-vince-il-premio-sustainability-award-2025-2\/\" rel=\"prev\"><span class=\"elementor-post-navigation__link__prev\"><span class=\"post-navigation__prev--label\">Previous article<\/span><span class=\"post-navigation__prev--title\">Logistica Uno vince il Premio Sustainability Award 2025<\/span><\/span><\/a>\t\t\t<\/div>\n\t\t\t\t\t\t\t<div class=\"elementor-post-navigation__separator-wrapper\">\n\t\t\t\t\t<div class=\"elementor-post-navigation__separator\"><\/div>\n\t\t\t\t<\/div>\n\t\t\t\t\t\t<div class=\"elementor-post-navigation__next elementor-post-navigation__link\">\n\t\t\t\t<a href=\"https:\/\/www.logisticauno.com\/en\/logistica-uno-vince-il-premio-nazionale-adriano-olivetti\/\" rel=\"next\"><span class=\"elementor-post-navigation__link__next\"><span class=\"post-navigation__next--label\">Next article<\/span><span class=\"post-navigation__next--title\">Logistica Uno vince il Premio Nazionale Adriano Olivetti<\/span><\/span><\/a>\t\t\t<\/div>\n\t\t<\/div>\n\t\t\t\t\t\t<\/div>\n\t\t\t\t<\/div>\n\t\t\t\t<\/div>\n\t\t\t\t\t<\/div>\n\t\t\t\t<\/div>\n\t\t\t\t<\/div>","protected":false},"excerpt":{"rendered":"<p>LogiGreen \u00e8 la unit di Logistica Uno dedicata alla sostenibilit\u00e0 ambientale, sociale e alla promozione del benessere. Con iniziative concrete e progetti trasversali, LogiGreen riflette<\/p>","protected":false},"author":3,"featured_media":18263,"comment_status":"closed","ping_status":"closed","sticky":false,"template":"","format":"standard","meta":{"footnotes":""},"categories":[10],"tags":[],"class_list":["post-18262","post","type-post","status-publish","format-standard","has-post-thumbnail","hentry","category-news"],"yoast_head":"<!-- This site is optimized with the Yoast SEO plugin v27.2 - https:\/\/yoast.com\/product\/yoast-seo-wordpress\/ -->\n<title>Podcast: Logistica Uno ai microfoni di Distribuzione Moderna - Logistica Uno<\/title>\n<meta name=\"description\" content=\"Logistica Uno ha partecipato all&#039;evento del Politecnico di Milano per una giornata all\u2019insegna di evoluzione, sostenibilit\u00e0 e innovazione.\" \/>\n<meta name=\"robots\" content=\"index, follow, max-snippet:-1, max-image-preview:large, max-video-preview:-1\" \/>\n<link rel=\"canonical\" href=\"https:\/\/www.logisticauno.com\/en\/podcast-logistica-uno-ai-microfoni-di-distribuzione-moderna\/\" \/>\n<meta property=\"og:locale\" content=\"en_GB\" \/>\n<meta property=\"og:type\" content=\"article\" \/>\n<meta property=\"og:title\" content=\"Podcast: Logistica Uno ai microfoni di Distribuzione Moderna - Logistica Uno\" \/>\n<meta property=\"og:description\" content=\"Logistica Uno ha partecipato all&#039;evento del Politecnico di Milano per una giornata all\u2019insegna di evoluzione, sostenibilit\u00e0 e innovazione.\" \/>\n<meta property=\"og:url\" content=\"https:\/\/www.logisticauno.com\/en\/podcast-logistica-uno-ai-microfoni-di-distribuzione-moderna\/\" \/>\n<meta property=\"og:site_name\" content=\"Logistica Uno\" \/>\n<meta property=\"article:publisher\" content=\"https:\/\/www.facebook.com\/logisticauno\" \/>\n<meta property=\"article:published_time\" content=\"2025-04-08T13:35:50+00:00\" \/>\n<meta property=\"article:modified_time\" content=\"2026-02-18T15:11:17+00:00\" \/>\n<meta property=\"og:image\" content=\"https:\/\/www.logisticauno.com\/wp-content\/uploads\/2025\/04\/POST-Podcast.png\" \/>\n\t<meta property=\"og:image:width\" content=\"1080\" \/>\n\t<meta property=\"og:image:height\" content=\"1080\" \/>\n\t<meta property=\"og:image:type\" content=\"image\/png\" \/>\n<meta name=\"author\" content=\"LogisticaUno LogisticaUno\" \/>\n<meta name=\"twitter:card\" content=\"summary_large_image\" \/>\n<meta name=\"twitter:label1\" content=\"Written by\" \/>\n\t<meta name=\"twitter:data1\" content=\"LogisticaUno LogisticaUno\" \/>\n\t<meta name=\"twitter:label2\" content=\"Estimated reading time\" \/>\n\t<meta name=\"twitter:data2\" content=\"3 minutes\" \/>\n<script type=\"application\/ld+json\" class=\"yoast-schema-graph\">{\"@context\":\"https:\/\/schema.org\",\"@graph\":[{\"@type\":\"Article\",\"@id\":\"https:\/\/www.logisticauno.com\/podcast-logistica-uno-ai-microfoni-di-distribuzione-moderna\/#article\",\"isPartOf\":{\"@id\":\"https:\/\/www.logisticauno.com\/podcast-logistica-uno-ai-microfoni-di-distribuzione-moderna\/\"},\"author\":{\"name\":\"LogisticaUno LogisticaUno\",\"@id\":\"https:\/\/www.logisticauno.com\/#\/schema\/person\/12dcb6aabf2586772e3e29f2215ff945\"},\"headline\":\"Podcast: Logistica Uno ai microfoni di Distribuzione Moderna\",\"datePublished\":\"2025-04-08T13:35:50+00:00\",\"dateModified\":\"2026-02-18T15:11:17+00:00\",\"mainEntityOfPage\":{\"@id\":\"https:\/\/www.logisticauno.com\/podcast-logistica-uno-ai-microfoni-di-distribuzione-moderna\/\"},\"wordCount\":190,\"publisher\":{\"@id\":\"https:\/\/www.logisticauno.com\/#organization\"},\"image\":{\"@id\":\"https:\/\/www.logisticauno.com\/podcast-logistica-uno-ai-microfoni-di-distribuzione-moderna\/#primaryimage\"},\"thumbnailUrl\":\"https:\/\/www.logisticauno.com\/wp-content\/uploads\/2025\/04\/POST-Podcast.png\",\"articleSection\":[\"News\"],\"inLanguage\":\"en-GB\"},{\"@type\":\"WebPage\",\"@id\":\"https:\/\/www.logisticauno.com\/podcast-logistica-uno-ai-microfoni-di-distribuzione-moderna\/\",\"url\":\"https:\/\/www.logisticauno.com\/podcast-logistica-uno-ai-microfoni-di-distribuzione-moderna\/\",\"name\":\"Podcast: Logistica Uno ai microfoni di Distribuzione Moderna - Logistica Uno\",\"isPartOf\":{\"@id\":\"https:\/\/www.logisticauno.com\/#website\"},\"primaryImageOfPage\":{\"@id\":\"https:\/\/www.logisticauno.com\/podcast-logistica-uno-ai-microfoni-di-distribuzione-moderna\/#primaryimage\"},\"image\":{\"@id\":\"https:\/\/www.logisticauno.com\/podcast-logistica-uno-ai-microfoni-di-distribuzione-moderna\/#primaryimage\"},\"thumbnailUrl\":\"https:\/\/www.logisticauno.com\/wp-content\/uploads\/2025\/04\/POST-Podcast.png\",\"datePublished\":\"2025-04-08T13:35:50+00:00\",\"dateModified\":\"2026-02-18T15:11:17+00:00\",\"description\":\"Logistica Uno ha partecipato all'evento del Politecnico di Milano per una giornata all\u2019insegna di evoluzione, sostenibilit\u00e0 e innovazione.\",\"breadcrumb\":{\"@id\":\"https:\/\/www.logisticauno.com\/podcast-logistica-uno-ai-microfoni-di-distribuzione-moderna\/#breadcrumb\"},\"inLanguage\":\"en-GB\",\"potentialAction\":[{\"@type\":\"ReadAction\",\"target\":[\"https:\/\/www.logisticauno.com\/podcast-logistica-uno-ai-microfoni-di-distribuzione-moderna\/\"]}]},{\"@type\":\"ImageObject\",\"inLanguage\":\"en-GB\",\"@id\":\"https:\/\/www.logisticauno.com\/podcast-logistica-uno-ai-microfoni-di-distribuzione-moderna\/#primaryimage\",\"url\":\"https:\/\/www.logisticauno.com\/wp-content\/uploads\/2025\/04\/POST-Podcast.png\",\"contentUrl\":\"https:\/\/www.logisticauno.com\/wp-content\/uploads\/2025\/04\/POST-Podcast.png\",\"width\":1080,\"height\":1080,\"caption\":\"Podcast: Logistica Uno ai microfoni di Distribuzione Moderna\"},{\"@type\":\"BreadcrumbList\",\"@id\":\"https:\/\/www.logisticauno.com\/podcast-logistica-uno-ai-microfoni-di-distribuzione-moderna\/#breadcrumb\",\"itemListElement\":[{\"@type\":\"ListItem\",\"position\":1,\"name\":\"Home\",\"item\":\"https:\/\/www.logisticauno.com\/\"},{\"@type\":\"ListItem\",\"position\":2,\"name\":\"Podcast: Logistica Uno ai microfoni di Distribuzione Moderna\"}]},{\"@type\":\"WebSite\",\"@id\":\"https:\/\/www.logisticauno.com\/#website\",\"url\":\"https:\/\/www.logisticauno.com\/\",\"name\":\"Logistica Uno\",\"description\":\"\",\"publisher\":{\"@id\":\"https:\/\/www.logisticauno.com\/#organization\"},\"potentialAction\":[{\"@type\":\"SearchAction\",\"target\":{\"@type\":\"EntryPoint\",\"urlTemplate\":\"https:\/\/www.logisticauno.com\/?s={search_term_string}\"},\"query-input\":{\"@type\":\"PropertyValueSpecification\",\"valueRequired\":true,\"valueName\":\"search_term_string\"}}],\"inLanguage\":\"en-GB\"},{\"@type\":\"Organization\",\"@id\":\"https:\/\/www.logisticauno.com\/#organization\",\"name\":\"Logistica Uno\",\"url\":\"https:\/\/www.logisticauno.com\/\",\"logo\":{\"@type\":\"ImageObject\",\"inLanguage\":\"en-GB\",\"@id\":\"https:\/\/www.logisticauno.com\/#\/schema\/logo\/image\/\",\"url\":\"https:\/\/www.logisticauno.com\/wp-content\/uploads\/2024\/01\/logo-vettoriale.png\",\"contentUrl\":\"https:\/\/www.logisticauno.com\/wp-content\/uploads\/2024\/01\/logo-vettoriale.png\",\"width\":169,\"height\":50,\"caption\":\"Logistica Uno\"},\"image\":{\"@id\":\"https:\/\/www.logisticauno.com\/#\/schema\/logo\/image\/\"},\"sameAs\":[\"https:\/\/www.facebook.com\/logisticauno\"]},{\"@type\":\"Person\",\"@id\":\"https:\/\/www.logisticauno.com\/#\/schema\/person\/12dcb6aabf2586772e3e29f2215ff945\",\"name\":\"LogisticaUno LogisticaUno\",\"image\":{\"@type\":\"ImageObject\",\"inLanguage\":\"en-GB\",\"@id\":\"https:\/\/secure.gravatar.com\/avatar\/a24c42cdd722d694b7b0d5134134bd32c2776a7a0e73b420c6ccd051a76575ba?s=96&d=mm&r=g\",\"url\":\"https:\/\/secure.gravatar.com\/avatar\/a24c42cdd722d694b7b0d5134134bd32c2776a7a0e73b420c6ccd051a76575ba?s=96&d=mm&r=g\",\"contentUrl\":\"https:\/\/secure.gravatar.com\/avatar\/a24c42cdd722d694b7b0d5134134bd32c2776a7a0e73b420c6ccd051a76575ba?s=96&d=mm&r=g\",\"caption\":\"LogisticaUno LogisticaUno\"},\"url\":\"https:\/\/www.logisticauno.com\/en\/author\/logisticaunoeurope\/\"}]}<\/script>\n<!-- \/ Yoast SEO plugin. -->","yoast_head_json":{"title":"Podcast: Logistica Uno ai microfoni di Distribuzione Moderna - Logistica Uno","description":"Logistica Uno ha partecipato all'evento del Politecnico di Milano per una giornata all\u2019insegna di evoluzione, sostenibilit\u00e0 e innovazione.","robots":{"index":"index","follow":"follow","max-snippet":"max-snippet:-1","max-image-preview":"max-image-preview:large","max-video-preview":"max-video-preview:-1"},"canonical":"https:\/\/www.logisticauno.com\/en\/podcast-logistica-uno-ai-microfoni-di-distribuzione-moderna\/","og_locale":"en_GB","og_type":"article","og_title":"Podcast: Logistica Uno ai microfoni di Distribuzione Moderna - Logistica Uno","og_description":"Logistica Uno ha partecipato all'evento del Politecnico di Milano per una giornata all\u2019insegna di evoluzione, sostenibilit\u00e0 e innovazione.","og_url":"https:\/\/www.logisticauno.com\/en\/podcast-logistica-uno-ai-microfoni-di-distribuzione-moderna\/","og_site_name":"Logistica Uno","article_publisher":"https:\/\/www.facebook.com\/logisticauno","article_published_time":"2025-04-08T13:35:50+00:00","article_modified_time":"2026-02-18T15:11:17+00:00","og_image":[{"width":1080,"height":1080,"url":"https:\/\/www.logisticauno.com\/wp-content\/uploads\/2025\/04\/POST-Podcast.png","type":"image\/png"}],"author":"LogisticaUno LogisticaUno","twitter_card":"summary_large_image","twitter_misc":{"Written by":"LogisticaUno LogisticaUno","Estimated reading time":"3 minutes"},"schema":{"@context":"https:\/\/schema.org","@graph":[{"@type":"Article","@id":"https:\/\/www.logisticauno.com\/podcast-logistica-uno-ai-microfoni-di-distribuzione-moderna\/#article","isPartOf":{"@id":"https:\/\/www.logisticauno.com\/podcast-logistica-uno-ai-microfoni-di-distribuzione-moderna\/"},"author":{"name":"LogisticaUno LogisticaUno","@id":"https:\/\/www.logisticauno.com\/#\/schema\/person\/12dcb6aabf2586772e3e29f2215ff945"},"headline":"Podcast: Logistica Uno ai microfoni di Distribuzione Moderna","datePublished":"2025-04-08T13:35:50+00:00","dateModified":"2026-02-18T15:11:17+00:00","mainEntityOfPage":{"@id":"https:\/\/www.logisticauno.com\/podcast-logistica-uno-ai-microfoni-di-distribuzione-moderna\/"},"wordCount":190,"publisher":{"@id":"https:\/\/www.logisticauno.com\/#organization"},"image":{"@id":"https:\/\/www.logisticauno.com\/podcast-logistica-uno-ai-microfoni-di-distribuzione-moderna\/#primaryimage"},"thumbnailUrl":"https:\/\/www.logisticauno.com\/wp-content\/uploads\/2025\/04\/POST-Podcast.png","articleSection":["News"],"inLanguage":"en-GB"},{"@type":"WebPage","@id":"https:\/\/www.logisticauno.com\/podcast-logistica-uno-ai-microfoni-di-distribuzione-moderna\/","url":"https:\/\/www.logisticauno.com\/podcast-logistica-uno-ai-microfoni-di-distribuzione-moderna\/","name":"Podcast: Logistica Uno ai microfoni di Distribuzione Moderna - Logistica Uno","isPartOf":{"@id":"https:\/\/www.logisticauno.com\/#website"},"primaryImageOfPage":{"@id":"https:\/\/www.logisticauno.com\/podcast-logistica-uno-ai-microfoni-di-distribuzione-moderna\/#primaryimage"},"image":{"@id":"https:\/\/www.logisticauno.com\/podcast-logistica-uno-ai-microfoni-di-distribuzione-moderna\/#primaryimage"},"thumbnailUrl":"https:\/\/www.logisticauno.com\/wp-content\/uploads\/2025\/04\/POST-Podcast.png","datePublished":"2025-04-08T13:35:50+00:00","dateModified":"2026-02-18T15:11:17+00:00","description":"Logistica Uno ha partecipato all'evento del Politecnico di Milano per una giornata all\u2019insegna di evoluzione, sostenibilit\u00e0 e innovazione.","breadcrumb":{"@id":"https:\/\/www.logisticauno.com\/podcast-logistica-uno-ai-microfoni-di-distribuzione-moderna\/#breadcrumb"},"inLanguage":"en-GB","potentialAction":[{"@type":"ReadAction","target":["https:\/\/www.logisticauno.com\/podcast-logistica-uno-ai-microfoni-di-distribuzione-moderna\/"]}]},{"@type":"ImageObject","inLanguage":"en-GB","@id":"https:\/\/www.logisticauno.com\/podcast-logistica-uno-ai-microfoni-di-distribuzione-moderna\/#primaryimage","url":"https:\/\/www.logisticauno.com\/wp-content\/uploads\/2025\/04\/POST-Podcast.png","contentUrl":"https:\/\/www.logisticauno.com\/wp-content\/uploads\/2025\/04\/POST-Podcast.png","width":1080,"height":1080,"caption":"Podcast: Logistica Uno ai microfoni di Distribuzione Moderna"},{"@type":"BreadcrumbList","@id":"https:\/\/www.logisticauno.com\/podcast-logistica-uno-ai-microfoni-di-distribuzione-moderna\/#breadcrumb","itemListElement":[{"@type":"ListItem","position":1,"name":"Home","item":"https:\/\/www.logisticauno.com\/"},{"@type":"ListItem","position":2,"name":"Podcast: Logistica Uno ai microfoni di Distribuzione Moderna"}]},{"@type":"WebSite","@id":"https:\/\/www.logisticauno.com\/#website","url":"https:\/\/www.logisticauno.com\/","name":"Logistica Uno","description":"","publisher":{"@id":"https:\/\/www.logisticauno.com\/#organization"},"potentialAction":[{"@type":"SearchAction","target":{"@type":"EntryPoint","urlTemplate":"https:\/\/www.logisticauno.com\/?s={search_term_string}"},"query-input":{"@type":"PropertyValueSpecification","valueRequired":true,"valueName":"search_term_string"}}],"inLanguage":"en-GB"},{"@type":"Organization","@id":"https:\/\/www.logisticauno.com\/#organization","name":"Logistica Uno","url":"https:\/\/www.logisticauno.com\/","logo":{"@type":"ImageObject","inLanguage":"en-GB","@id":"https:\/\/www.logisticauno.com\/#\/schema\/logo\/image\/","url":"https:\/\/www.logisticauno.com\/wp-content\/uploads\/2024\/01\/logo-vettoriale.png","contentUrl":"https:\/\/www.logisticauno.com\/wp-content\/uploads\/2024\/01\/logo-vettoriale.png","width":169,"height":50,"caption":"Logistica Uno"},"image":{"@id":"https:\/\/www.logisticauno.com\/#\/schema\/logo\/image\/"},"sameAs":["https:\/\/www.facebook.com\/logisticauno"]},{"@type":"Person","@id":"https:\/\/www.logisticauno.com\/#\/schema\/person\/12dcb6aabf2586772e3e29f2215ff945","name":"LogisticaUno LogisticaUno","image":{"@type":"ImageObject","inLanguage":"en-GB","@id":"https:\/\/secure.gravatar.com\/avatar\/a24c42cdd722d694b7b0d5134134bd32c2776a7a0e73b420c6ccd051a76575ba?s=96&d=mm&r=g","url":"https:\/\/secure.gravatar.com\/avatar\/a24c42cdd722d694b7b0d5134134bd32c2776a7a0e73b420c6ccd051a76575ba?s=96&d=mm&r=g","contentUrl":"https:\/\/secure.gravatar.com\/avatar\/a24c42cdd722d694b7b0d5134134bd32c2776a7a0e73b420c6ccd051a76575ba?s=96&d=mm&r=g","caption":"LogisticaUno LogisticaUno"},"url":"https:\/\/www.logisticauno.com\/en\/author\/logisticaunoeurope\/"}]}},"_links":{"self":[{"href":"https:\/\/www.logisticauno.com\/en\/wp-json\/wp\/v2\/posts\/18262","targetHints":{"allow":["GET"]}}],"collection":[{"href":"https:\/\/www.logisticauno.com\/en\/wp-json\/wp\/v2\/posts"}],"about":[{"href":"https:\/\/www.logisticauno.com\/en\/wp-json\/wp\/v2\/types\/post"}],"author":[{"embeddable":true,"href":"https:\/\/www.logisticauno.com\/en\/wp-json\/wp\/v2\/users\/3"}],"replies":[{"embeddable":true,"href":"https:\/\/www.logisticauno.com\/en\/wp-json\/wp\/v2\/comments?post=18262"}],"version-history":[{"count":9,"href":"https:\/\/www.logisticauno.com\/en\/wp-json\/wp\/v2\/posts\/18262\/revisions"}],"predecessor-version":[{"id":19901,"href":"https:\/\/www.logisticauno.com\/en\/wp-json\/wp\/v2\/posts\/18262\/revisions\/19901"}],"wp:featuredmedia":[{"embeddable":true,"href":"https:\/\/www.logisticauno.com\/en\/wp-json\/wp\/v2\/media\/18263"}],"wp:attachment":[{"href":"https:\/\/www.logisticauno.com\/en\/wp-json\/wp\/v2\/media?parent=18262"}],"wp:term":[{"taxonomy":"category","embeddable":true,"href":"https:\/\/www.logisticauno.com\/en\/wp-json\/wp\/v2\/categories?post=18262"},{"taxonomy":"post_tag","embeddable":true,"href":"https:\/\/www.logisticauno.com\/en\/wp-json\/wp\/v2\/tags?post=18262"}],"curies":[{"name":"wp","href":"https:\/\/api.w.org\/{rel}","templated":true}]}}