{"id":15882,"date":"2024-07-18T11:57:53","date_gmt":"2024-07-18T09:57:53","guid":{"rendered":"https:\/\/www.logisticauno.com\/?p=15882"},"modified":"2026-02-18T18:20:32","modified_gmt":"2026-02-18T17:20:32","slug":"inaugurato-il-nuovo-collegamento-ferroviario-intermodale-tra-interporto-della-toscana-centrale-e-terminal-darsena-toscana-per-una-logistica-sostenibile","status":"publish","type":"post","link":"https:\/\/www.logisticauno.com\/en\/inaugurato-il-nuovo-collegamento-ferroviario-intermodale-tra-interporto-della-toscana-centrale-e-terminal-darsena-toscana-per-una-logistica-sostenibile\/","title":{"rendered":"Inaugurato il nuovo Collegamento Ferroviario Intermodale tra Interporto della Toscana Centrale e Terminal Darsena Toscana per una logistica sostenibile"},"content":{"rendered":"<div data-elementor-type=\"wp-post\" data-elementor-id=\"15882\" class=\"elementor elementor-15882\" data-elementor-post-type=\"post\">\n\t\t\t\t<div class=\"elementor-element elementor-element-222ecc6 e-flex e-con-boxed e-con e-parent\" data-id=\"222ecc6\" data-element_type=\"container\" data-e-type=\"container\" data-settings=\"{&quot;background_background&quot;:&quot;classic&quot;}\">\n\t\t\t\t\t<div class=\"e-con-inner\">\n\t\t\t\t<div class=\"elementor-element elementor-element-5c5cb42 elementor-widget elementor-widget-theme-post-title elementor-page-title elementor-widget-heading\" data-id=\"5c5cb42\" data-element_type=\"widget\" data-e-type=\"widget\" data-widget_type=\"theme-post-title.default\">\n\t\t\t\t<div class=\"elementor-widget-container\">\n\t\t\t\t\t<h1 class=\"elementor-heading-title elementor-size-default\">Inaugurato il nuovo Collegamento Ferroviario Intermodale tra Interporto della Toscana Centrale e Terminal Darsena Toscana per una logistica sostenibile<\/h1>\t\t\t\t<\/div>\n\t\t\t\t<\/div>\n\t\t\t\t\t<\/div>\n\t\t\t\t<\/div>\n\t\t<div class=\"elementor-element elementor-element-3eaacac e-flex e-con-boxed e-con e-parent\" data-id=\"3eaacac\" data-element_type=\"container\" data-e-type=\"container\">\n\t\t\t\t\t<div class=\"e-con-inner\">\n\t\t<div class=\"elementor-element elementor-element-7608f8b e-con-full e-flex e-con e-child\" data-id=\"7608f8b\" data-element_type=\"container\" data-e-type=\"container\">\n\t\t\t\t<div class=\"elementor-element elementor-element-9e5b0fb elementor-widget elementor-widget-text-editor\" data-id=\"9e5b0fb\" data-element_type=\"widget\" data-e-type=\"widget\" data-widget_type=\"text-editor.default\">\n\t\t\t\t<div class=\"elementor-widget-container\">\n\t\t\t\t\t\t\t\t\t<p><em>Il Gruppo Sanpellegrino grazie all\u2019accordo siglato con Logistica Uno sar\u00e0 la prima azienda a utilizzare questo collegamento per il trasporto di Acqua Panna fino al porto di Livorno.<\/em><\/p><p><em>L\u2019iniziativa porter\u00e0 a una riduzione delle emissioni di CO2 e una diminuzione dei mezzi pesanti che circolano su questa tratta.<\/em><\/p>\t\t\t\t\t\t\t\t<\/div>\n\t\t\t\t<\/div>\n\t\t\t\t<div class=\"elementor-element elementor-element-b64923b elementor-widget elementor-widget-image\" data-id=\"b64923b\" data-element_type=\"widget\" data-e-type=\"widget\" data-widget_type=\"image.default\">\n\t\t\t\t<div class=\"elementor-widget-container\">\n\t\t\t\t\t\t\t\t\t\t\t\t\t\t\t<img fetchpriority=\"high\" decoding=\"async\" width=\"800\" height=\"437\" src=\"https:\/\/www.logisticauno.com\/wp-content\/uploads\/2024\/07\/foto-treno-interporto-1024x559.jpeg\" class=\"attachment-large size-large wp-image-15883\" alt=\"\" srcset=\"https:\/\/www.logisticauno.com\/wp-content\/uploads\/2024\/07\/foto-treno-interporto-1024x559.jpeg 1024w, https:\/\/www.logisticauno.com\/wp-content\/uploads\/2024\/07\/foto-treno-interporto-300x164.jpeg 300w, https:\/\/www.logisticauno.com\/wp-content\/uploads\/2024\/07\/foto-treno-interporto-768x419.jpeg 768w, https:\/\/www.logisticauno.com\/wp-content\/uploads\/2024\/07\/foto-treno-interporto-18x10.jpeg 18w, https:\/\/www.logisticauno.com\/wp-content\/uploads\/2024\/07\/foto-treno-interporto.jpeg 1075w\" sizes=\"(max-width: 800px) 100vw, 800px\" \/>\t\t\t\t\t\t\t\t\t\t\t\t\t\t\t<\/div>\n\t\t\t\t<\/div>\n\t\t\t\t<div class=\"elementor-element elementor-element-00c9e4a elementor-widget elementor-widget-text-editor\" data-id=\"00c9e4a\" data-element_type=\"widget\" data-e-type=\"widget\" data-widget_type=\"text-editor.default\">\n\t\t\t\t<div class=\"elementor-widget-container\">\n\t\t\t\t\t\t\t\t\t<p>Prato, 17 luglio 2024 &#8211; Nasce il nuovo <strong>Collegamento Intermodale<\/strong> tra l\u2019Interporto della Toscana Centrale e il <strong>Terminal Darsena Toscana<\/strong> che sar\u00e0, da subito, utilizzato per il trasporto di acqua minerale dal sito produttivo di Acqua Panna a Scarperia, in provincia di Firenze, fino al porto di Livorno.<\/p><p>Il nuovo collegamento ferroviario \u00e8 stato inaugurato oggi alla presenza di <strong>Antonio Napolitano<\/strong>, Amministratore Delegato dell\u2019<strong>Interporto della Toscana Centrale<\/strong>, <strong>Simona Mascia<\/strong>, International Supply Chain Manager del <strong>Gruppo Sanpellegrino<\/strong>, <strong>Gianluca Cornelli<\/strong>, Amministratore Delegato di <strong>Logistica Uno<\/strong> and <strong>Paolo Montanari<\/strong>, Direttore Generale di <strong>Logtainer<\/strong> and <strong>Francesco Querci<\/strong>, Presidente dell\u2019<strong>Interporto della Toscana Centrale<\/strong>.<\/p><p>Hanno partecipato alla cerimonia del taglio del nastro anche <strong>Stefano Baccelli<\/strong>, Assessore alle Infrastrutture, alla mobilit\u00e0 e al governo del territorio della <strong>Regione Toscana<\/strong>, <strong>Ilaria Bugetti<\/strong>, Sindaca del <strong>Comune di Prato <\/strong>and <strong>Marcello Gozzi<\/strong>, Direttore di <strong>Confindustria Toscana Nord<\/strong>.<\/p><p><strong>Logistica Uno e il Gruppo Sanpellegrino<\/strong>, hanno siglato un accordo per ottimizzare la riduzione delle emissioni di CO2 nel trasporto di Acqua Panna dallo stabilimento di Scarperia (FI), al porto di Livorno. Il progetto, che rappresenta un passo significativo verso la sostenibilit\u00e0 ambientale, \u00e8 stato realizzato anche grazie al contributo dell&#8217;<strong>Interporto di Prato e Logtainer<\/strong> che ha recentemente avviato un nuovo servizio ferroviario per il trasporto merci, collegando l\u2019Interporto della Toscana Centrale di Prato con il Terminal Darsena Toscana di Livorno.<\/p>\t\t\t\t\t\t\t\t<\/div>\n\t\t\t\t<\/div>\n\t\t\t\t<div class=\"elementor-element elementor-element-743362b elementor-widget elementor-widget-image\" data-id=\"743362b\" data-element_type=\"widget\" data-e-type=\"widget\" data-widget_type=\"image.default\">\n\t\t\t\t<div class=\"elementor-widget-container\">\n\t\t\t\t\t\t\t\t\t\t\t\t\t\t\t<img decoding=\"async\" width=\"800\" height=\"657\" src=\"https:\/\/www.logisticauno.com\/wp-content\/uploads\/2024\/07\/foto-tagflio-nastro.png\" class=\"attachment-large size-large wp-image-15884\" alt=\"\" srcset=\"https:\/\/www.logisticauno.com\/wp-content\/uploads\/2024\/07\/foto-tagflio-nastro.png 982w, https:\/\/www.logisticauno.com\/wp-content\/uploads\/2024\/07\/foto-tagflio-nastro-300x247.png 300w, https:\/\/www.logisticauno.com\/wp-content\/uploads\/2024\/07\/foto-tagflio-nastro-768x631.png 768w, https:\/\/www.logisticauno.com\/wp-content\/uploads\/2024\/07\/foto-tagflio-nastro-15x12.png 15w\" sizes=\"(max-width: 800px) 100vw, 800px\" \/>\t\t\t\t\t\t\t\t\t\t\t\t\t\t\t<\/div>\n\t\t\t\t<\/div>\n\t\t\t\t<div class=\"elementor-element elementor-element-70c5a2a elementor-widget elementor-widget-text-editor\" data-id=\"70c5a2a\" data-element_type=\"widget\" data-e-type=\"widget\" data-widget_type=\"text-editor.default\">\n\t\t\t\t<div class=\"elementor-widget-container\">\n\t\t\t\t\t\t\t\t\t<p>La nuova tratta ferroviaria movimenter\u00e0 nella fase iniziale 25 container con cadenza settimanale e, grazie ai suoi 500 metri di lunghezza, sar\u00e0 in grado di sostituire l&#8217;equivalente di 1.500 camion all&#8217;anno con una riduzione del 12% delle emissioni di CO2 sulla tratta Scarperia-Livorno. Questo comporter\u00e0 significativi benefici ambientali e una riduzione del traffico, in particolare sulla congestionata arteria FI-PI-LI.<\/p><p>L&#8217;obiettivo a lungo termine \u00e8 incrementare il servizio a pieno regime fino a tre treni completi settimanali, che corrispondono a circa 75 container con una riduzione del 36% delle emissioni di CO2, creando cos\u00ec un collegamento pi\u00f9 efficiente e fruibile per il distretto della Toscana Centrale.<\/p><p>Questa ambiziosa iniziativa non solo contribuir\u00e0 alla diminuzione delle emissioni di CO2, ma ridurr\u00e0 anche il numero di camion sulle strade, migliorando la qualit\u00e0 dell&#8217;aria e la sicurezza stradale.<\/p><p>L&#8217;acqua destinata principalmente agli Stati Uniti e ad altri mercati internazionali sar\u00e0 trasportata in container su treno che potranno essere riutilizzati al rientro dal Porto di Livorno per l&#8217;importazione, ottimizzando ulteriormente la logistica. In questa iniziativa, <strong>Logistica Uno<\/strong> si conferma come azienda partner di <strong>Sanpellegrino<\/strong>, promotrice e coordinatrice di questo progetto innovativo.<\/p><p>Questo nuovo collegamento ferroviario dimostra l&#8217;impegno delle aziende coinvolte verso l&#8217;innovazione e la sostenibilit\u00e0 nel settore della logistica, promuovendo soluzioni che migliorano l&#8217;efficienza e riducono l&#8217;impatto ambientale. Questa iniziativa evidenzia come la sinergia tra Logistica Uno, Interporto Toscana, Logtainer e Gruppo Sanpellegrino stia portando a soluzioni logistiche innovative e sostenibili, a beneficio dell&#8217;ambiente e dell&#8217;efficienza operativa.<\/p>\t\t\t\t\t\t\t\t<\/div>\n\t\t\t\t<\/div>\n\t\t\t\t<div class=\"elementor-element elementor-element-05294e3 elementor-widget elementor-widget-image\" data-id=\"05294e3\" data-element_type=\"widget\" data-e-type=\"widget\" data-widget_type=\"image.default\">\n\t\t\t\t<div class=\"elementor-widget-container\">\n\t\t\t\t\t\t\t\t\t\t\t\t\t\t\t<img decoding=\"async\" width=\"396\" height=\"360\" src=\"https:\/\/www.logisticauno.com\/wp-content\/uploads\/2024\/07\/DSC_0057-396x360.jpg\" class=\"attachment-htliser_size_396x360 size-htliser_size_396x360 wp-image-15886\" alt=\"\" \/>\t\t\t\t\t\t\t\t\t\t\t\t\t\t\t<\/div>\n\t\t\t\t<\/div>\n\t\t\t\t<div class=\"elementor-element elementor-element-3ff1e79 elementor-widget elementor-widget-text-editor\" data-id=\"3ff1e79\" data-element_type=\"widget\" data-e-type=\"widget\" data-widget_type=\"text-editor.default\">\n\t\t\t\t<div class=\"elementor-widget-container\">\n\t\t\t\t\t\t\t\t\t<p><em>\u201cSiamo lieti di essere la prima azienda a utilizzare il nuovo collegamento ferroviario intermodale con il porto di Livorno che ci consentir\u00e0 di rendere la nostra rete logistica ancora pi\u00f9 efficiente e sostenibile concorrendo ad abbattere ulteriormente le emissioni di carbonio. La sostenibilit\u00e0 accompagna da sempre le nostre scelte aziendali. Da anni siamo impegnati a rendere il trasporto della nostra acqua minerale sempre pi\u00f9 sostenibile attraverso il miglioramento continuo delle performance logistiche e il trasporto intermodale risponde perfettamente a queste esigenze. Questo \u00e8 possibile grazie alla collaborazione con le istituzioni, gli operatori logistici e le compagnie marittime<\/em>\u201d &#8211; ha dichiarato <strong>Simona Mascia, International Supply Manager del Gruppo Sanpellegrino<\/strong>.<\/p><p><em>&#8220;Un progetto che finalmente si concretizza e che vede protagonista l&#8217;interporto della Toscana Centrale spa. Uno sforzo che abbiamo voluto fare convintamente per dare un importante servizio alla Toscana e un contributo ancora pi\u00f9 importante in termini di abbattimento di CO2.&#8221;<\/em> &#8211; ha dichiarato con soddisfazione <strong>Antonio Napolitano, Amministratore Delegato di Interporto Toscana.<\/strong><\/p><p><em>&#8220;Per poter rendere questo progetto realt\u00e0 abbiamo lavorato per mesi come un unico team<\/em>&#8221; &#8211; ha commentato <strong>Paolo Montanari, Direttore Generale di Logtainer<\/strong> <em>&#8211; e siamo particolarmente orgogliosi di averne fatto parte. Questi progetti innovativi sono quelli dove vogliamo maggiormente investire e dove vediamo proiettato il nostro futuro, visto che ci consentono di offrire un servizio personalizzato ai clienti, ottimizzando le risorse disponibili e promuovendo con sempre maggior forza lo sviluppo sostenibile del trasporto&#8221;.<\/em><\/p><p><em>&#8220;Il lancio di questo nuovo collegamento ferroviario intermodale segna l\u2019inizio di un nuovo servizio a basso impatto ambientale. Non si tratta solo di ridurre le emissioni di CO2, ma di ridefinire l&#8217;intera infrastruttura logistica della Toscana. Grazie alla sinergia con il Gruppo Sanpellegrino, Interporto Toscana Centrale e Logtainer, stiamo trasformando una visione green in una realt\u00e0 tangibile. Stiamo costruendo un futuro dove efficienza operativa e rispetto per l&#8217;ambiente viaggiano sullo stesso binario.&#8221;<\/em>\u00a0 ha concluso <strong>Gianluca Cornelli, Amministratore Delegato di Logistica Uno<\/strong><\/p>\t\t\t\t\t\t\t\t<\/div>\n\t\t\t\t<\/div>\n\t\t\t\t<\/div>\n\t\t<div class=\"elementor-element elementor-element-38a364e e-con-full elementor-hidden-tablet elementor-hidden-mobile e-flex e-con e-child\" data-id=\"38a364e\" data-element_type=\"container\" data-e-type=\"container\">\n\t\t\t\t<div class=\"elementor-element elementor-element-9c8e887 elementor-widget elementor-widget-heading\" data-id=\"9c8e887\" data-element_type=\"widget\" data-e-type=\"widget\" data-widget_type=\"heading.default\">\n\t\t\t\t<div class=\"elementor-widget-container\">\n\t\t\t\t\t<h2 class=\"elementor-heading-title elementor-size-default\">Related news<\/h2>\t\t\t\t<\/div>\n\t\t\t\t<\/div>\n\t\t\t\t<div class=\"elementor-element elementor-element-708fc22 elementor-grid-1 elementor-posts--thumbnail-left elementor-grid-tablet-2 elementor-grid-mobile-1 elementor-widget elementor-widget-posts\" data-id=\"708fc22\" data-element_type=\"widget\" data-e-type=\"widget\" data-settings=\"{&quot;classic_columns&quot;:&quot;1&quot;,&quot;classic_row_gap&quot;:{&quot;unit&quot;:&quot;px&quot;,&quot;size&quot;:&quot;10&quot;,&quot;sizes&quot;:[]},&quot;classic_columns_tablet&quot;:&quot;2&quot;,&quot;classic_columns_mobile&quot;:&quot;1&quot;,&quot;classic_row_gap_tablet_extra&quot;:{&quot;unit&quot;:&quot;px&quot;,&quot;size&quot;:&quot;&quot;,&quot;sizes&quot;:[]},&quot;classic_row_gap_tablet&quot;:{&quot;unit&quot;:&quot;px&quot;,&quot;size&quot;:&quot;&quot;,&quot;sizes&quot;:[]},&quot;classic_row_gap_mobile&quot;:{&quot;unit&quot;:&quot;px&quot;,&quot;size&quot;:&quot;&quot;,&quot;sizes&quot;:[]}}\" data-widget_type=\"posts.classic\">\n\t\t\t\t<div class=\"elementor-widget-container\">\n\t\t\t\t\t\t\t<div class=\"elementor-posts-container elementor-posts elementor-posts--skin-classic elementor-grid\" role=\"list\">\n\t\t\t\t<article class=\"elementor-post elementor-grid-item post-20213 post type-post status-publish format-standard has-post-thumbnail hentry category-news\" role=\"listitem\">\n\t\t\t\t<a class=\"elementor-post__thumbnail__link\" href=\"https:\/\/www.logisticauno.com\/en\/logistica-uno-vincitrice-degli-employer-branding-awards\/\" tabindex=\"-1\" >\n\t\t\t<div class=\"elementor-post__thumbnail\"><img loading=\"lazy\" decoding=\"async\" width=\"225\" height=\"300\" src=\"https:\/\/www.logisticauno.com\/wp-content\/uploads\/2026\/02\/WhatsApp-Image-2026-02-23-at-09.42.17-1-225x300.jpeg\" class=\"attachment-medium size-medium wp-image-20214\" alt=\"Logistica Uno vincitrice degli Employer Branding Awards\" srcset=\"https:\/\/www.logisticauno.com\/wp-content\/uploads\/2026\/02\/WhatsApp-Image-2026-02-23-at-09.42.17-1-225x300.jpeg 225w, https:\/\/www.logisticauno.com\/wp-content\/uploads\/2026\/02\/WhatsApp-Image-2026-02-23-at-09.42.17-1-768x1024.jpeg 768w, https:\/\/www.logisticauno.com\/wp-content\/uploads\/2026\/02\/WhatsApp-Image-2026-02-23-at-09.42.17-1-1152x1536.jpeg 1152w, https:\/\/www.logisticauno.com\/wp-content\/uploads\/2026\/02\/WhatsApp-Image-2026-02-23-at-09.42.17-1-9x12.jpeg 9w, https:\/\/www.logisticauno.com\/wp-content\/uploads\/2026\/02\/WhatsApp-Image-2026-02-23-at-09.42.17-1.jpeg 1200w\" sizes=\"(max-width: 225px) 100vw, 225px\" \/><\/div>\n\t\t<\/a>\n\t\t\t\t<div class=\"elementor-post__text\">\n\t\t\t\t<h3 class=\"elementor-post__title\">\n\t\t\t<a href=\"https:\/\/www.logisticauno.com\/en\/logistica-uno-vincitrice-degli-employer-branding-awards\/\" >\n\t\t\t\tLogistica Uno vincitrice degli Employer Branding Awards\t\t\t<\/a>\n\t\t<\/h3>\n\t\t\t\t<div class=\"elementor-post__meta-data\">\n\t\t\t\t\t<span class=\"elementor-post-date\">\n\t\t\t24 February 2026\t\t<\/span>\n\t\t\t\t<\/div>\n\t\t\n\t\t<a class=\"elementor-post__read-more\" href=\"https:\/\/www.logisticauno.com\/en\/logistica-uno-vincitrice-degli-employer-branding-awards\/\" aria-label=\"Read more about Logistica Uno vincitrice degli Employer Branding Awards\" tabindex=\"-1\" >\n\t\t\tRead More &#034;\t\t<\/a>\n\n\t\t\t\t<\/div>\n\t\t\t\t<\/article>\n\t\t\t\t<article class=\"elementor-post elementor-grid-item post-20201 post type-post status-publish format-standard has-post-thumbnail hentry category-news\" role=\"listitem\">\n\t\t\t\t<a class=\"elementor-post__thumbnail__link\" href=\"https:\/\/www.logisticauno.com\/en\/logistica-uno-a-marca-2026\/\" tabindex=\"-1\" >\n\t\t\t<div class=\"elementor-post__thumbnail\"><img loading=\"lazy\" decoding=\"async\" width=\"225\" height=\"300\" src=\"https:\/\/www.logisticauno.com\/wp-content\/uploads\/2026\/02\/WhatsApp-Image-2026-01-16-at-10.32.01-9-225x300.jpeg\" class=\"attachment-medium size-medium wp-image-20202\" alt=\"Logistica Uno a MARCA 2026\" srcset=\"https:\/\/www.logisticauno.com\/wp-content\/uploads\/2026\/02\/WhatsApp-Image-2026-01-16-at-10.32.01-9-225x300.jpeg 225w, https:\/\/www.logisticauno.com\/wp-content\/uploads\/2026\/02\/WhatsApp-Image-2026-01-16-at-10.32.01-9-768x1024.jpeg 768w, https:\/\/www.logisticauno.com\/wp-content\/uploads\/2026\/02\/WhatsApp-Image-2026-01-16-at-10.32.01-9-1152x1536.jpeg 1152w, https:\/\/www.logisticauno.com\/wp-content\/uploads\/2026\/02\/WhatsApp-Image-2026-01-16-at-10.32.01-9-9x12.jpeg 9w, https:\/\/www.logisticauno.com\/wp-content\/uploads\/2026\/02\/WhatsApp-Image-2026-01-16-at-10.32.01-9.jpeg 1200w\" sizes=\"(max-width: 225px) 100vw, 225px\" \/><\/div>\n\t\t<\/a>\n\t\t\t\t<div class=\"elementor-post__text\">\n\t\t\t\t<h3 class=\"elementor-post__title\">\n\t\t\t<a href=\"https:\/\/www.logisticauno.com\/en\/logistica-uno-a-marca-2026\/\" >\n\t\t\t\tLogistica Uno a MARCA 2026\t\t\t<\/a>\n\t\t<\/h3>\n\t\t\t\t<div class=\"elementor-post__meta-data\">\n\t\t\t\t\t<span class=\"elementor-post-date\">\n\t\t\t24 February 2026\t\t<\/span>\n\t\t\t\t<\/div>\n\t\t\n\t\t<a class=\"elementor-post__read-more\" href=\"https:\/\/www.logisticauno.com\/en\/logistica-uno-a-marca-2026\/\" aria-label=\"Read more about Logistica Uno a MARCA 2026\" tabindex=\"-1\" >\n\t\t\tRead More &#034;\t\t<\/a>\n\n\t\t\t\t<\/div>\n\t\t\t\t<\/article>\n\t\t\t\t<article class=\"elementor-post elementor-grid-item post-20196 post type-post status-publish format-standard has-post-thumbnail hentry category-news\" role=\"listitem\">\n\t\t\t\t<a class=\"elementor-post__thumbnail__link\" href=\"https:\/\/www.logisticauno.com\/en\/logistica-uno-vince-il-premio-visionari-dimpresa-2\/\" tabindex=\"-1\" >\n\t\t\t<div class=\"elementor-post__thumbnail\"><img loading=\"lazy\" decoding=\"async\" width=\"300\" height=\"251\" src=\"https:\/\/www.logisticauno.com\/wp-content\/uploads\/2026\/02\/Immagine-2026-02-24-105810-300x251.png\" class=\"attachment-medium size-medium wp-image-20197\" alt=\"Logistica Uno vince il Premio Visionari d&#039;Impresa\" srcset=\"https:\/\/www.logisticauno.com\/wp-content\/uploads\/2026\/02\/Immagine-2026-02-24-105810-300x251.png 300w, https:\/\/www.logisticauno.com\/wp-content\/uploads\/2026\/02\/Immagine-2026-02-24-105810-14x12.png 14w, https:\/\/www.logisticauno.com\/wp-content\/uploads\/2026\/02\/Immagine-2026-02-24-105810.png 636w\" sizes=\"(max-width: 300px) 100vw, 300px\" \/><\/div>\n\t\t<\/a>\n\t\t\t\t<div class=\"elementor-post__text\">\n\t\t\t\t<h3 class=\"elementor-post__title\">\n\t\t\t<a href=\"https:\/\/www.logisticauno.com\/en\/logistica-uno-vince-il-premio-visionari-dimpresa-2\/\" >\n\t\t\t\tLogistica Uno vince il Premio Visionari d&#8217;Impresa\t\t\t<\/a>\n\t\t<\/h3>\n\t\t\t\t<div class=\"elementor-post__meta-data\">\n\t\t\t\t\t<span class=\"elementor-post-date\">\n\t\t\t24 February 2026\t\t<\/span>\n\t\t\t\t<\/div>\n\t\t\n\t\t<a class=\"elementor-post__read-more\" href=\"https:\/\/www.logisticauno.com\/en\/logistica-uno-vince-il-premio-visionari-dimpresa-2\/\" aria-label=\"Read more about Logistica Uno vince il Premio Visionari d&#8217;Impresa\" tabindex=\"-1\" >\n\t\t\tRead More &#034;\t\t<\/a>\n\n\t\t\t\t<\/div>\n\t\t\t\t<\/article>\n\t\t\t\t<article class=\"elementor-post elementor-grid-item post-20191 post type-post status-publish format-standard has-post-thumbnail hentry category-news\" role=\"listitem\">\n\t\t\t\t<a class=\"elementor-post__thumbnail__link\" href=\"https:\/\/www.logisticauno.com\/en\/logistica-uno-vince-il-premio-nazionale-adriano-olivetti\/\" tabindex=\"-1\" >\n\t\t\t<div class=\"elementor-post__thumbnail\"><img loading=\"lazy\" decoding=\"async\" width=\"300\" height=\"259\" src=\"https:\/\/www.logisticauno.com\/wp-content\/uploads\/2026\/02\/Immagine-2026-02-24-105357-300x259.png\" class=\"attachment-medium size-medium wp-image-20192\" alt=\"Logistica Uno vince il Premio Nazionale Adriano Olivetti\" srcset=\"https:\/\/www.logisticauno.com\/wp-content\/uploads\/2026\/02\/Immagine-2026-02-24-105357-300x259.png 300w, https:\/\/www.logisticauno.com\/wp-content\/uploads\/2026\/02\/Immagine-2026-02-24-105357-14x12.png 14w, https:\/\/www.logisticauno.com\/wp-content\/uploads\/2026\/02\/Immagine-2026-02-24-105357.png 593w\" sizes=\"(max-width: 300px) 100vw, 300px\" \/><\/div>\n\t\t<\/a>\n\t\t\t\t<div class=\"elementor-post__text\">\n\t\t\t\t<h3 class=\"elementor-post__title\">\n\t\t\t<a href=\"https:\/\/www.logisticauno.com\/en\/logistica-uno-vince-il-premio-nazionale-adriano-olivetti\/\" >\n\t\t\t\tLogistica Uno vince il Premio Nazionale Adriano Olivetti\t\t\t<\/a>\n\t\t<\/h3>\n\t\t\t\t<div class=\"elementor-post__meta-data\">\n\t\t\t\t\t<span class=\"elementor-post-date\">\n\t\t\t24 February 2026\t\t<\/span>\n\t\t\t\t<\/div>\n\t\t\n\t\t<a class=\"elementor-post__read-more\" href=\"https:\/\/www.logisticauno.com\/en\/logistica-uno-vince-il-premio-nazionale-adriano-olivetti\/\" aria-label=\"Read more about Logistica Uno vince il Premio Nazionale Adriano Olivetti\" tabindex=\"-1\" >\n\t\t\tRead More &#034;\t\t<\/a>\n\n\t\t\t\t<\/div>\n\t\t\t\t<\/article>\n\t\t\t\t<article class=\"elementor-post elementor-grid-item post-20183 post type-post status-publish format-standard has-post-thumbnail hentry category-news\" role=\"listitem\">\n\t\t\t\t<a class=\"elementor-post__thumbnail__link\" href=\"https:\/\/www.logisticauno.com\/en\/logistica-uno-vince-il-premio-eubiosia-fondazione-ant\/\" tabindex=\"-1\" >\n\t\t\t<div class=\"elementor-post__thumbnail\"><img loading=\"lazy\" decoding=\"async\" width=\"300\" height=\"208\" src=\"https:\/\/www.logisticauno.com\/wp-content\/uploads\/2026\/02\/Immagine-2026-02-24-104823-300x208.png\" class=\"attachment-medium size-medium wp-image-20184\" alt=\"\" srcset=\"https:\/\/www.logisticauno.com\/wp-content\/uploads\/2026\/02\/Immagine-2026-02-24-104823-300x208.png 300w, https:\/\/www.logisticauno.com\/wp-content\/uploads\/2026\/02\/Immagine-2026-02-24-104823-18x12.png 18w, https:\/\/www.logisticauno.com\/wp-content\/uploads\/2026\/02\/Immagine-2026-02-24-104823.png 529w\" sizes=\"(max-width: 300px) 100vw, 300px\" \/><\/div>\n\t\t<\/a>\n\t\t\t\t<div class=\"elementor-post__text\">\n\t\t\t\t<h3 class=\"elementor-post__title\">\n\t\t\t<a href=\"https:\/\/www.logisticauno.com\/en\/logistica-uno-vince-il-premio-eubiosia-fondazione-ant\/\" >\n\t\t\t\tLogistica Uno vince il Premio Eubiosia &#8211; Fondazione ANT\t\t\t<\/a>\n\t\t<\/h3>\n\t\t\t\t<div class=\"elementor-post__meta-data\">\n\t\t\t\t\t<span class=\"elementor-post-date\">\n\t\t\t24 February 2026\t\t<\/span>\n\t\t\t\t<\/div>\n\t\t\n\t\t<a class=\"elementor-post__read-more\" href=\"https:\/\/www.logisticauno.com\/en\/logistica-uno-vince-il-premio-eubiosia-fondazione-ant\/\" aria-label=\"Read more about Logistica Uno vince il Premio Eubiosia &#8211; Fondazione ANT\" tabindex=\"-1\" >\n\t\t\tRead More &#034;\t\t<\/a>\n\n\t\t\t\t<\/div>\n\t\t\t\t<\/article>\n\t\t\t\t<\/div>\n\t\t\n\t\t\t\t\t\t<\/div>\n\t\t\t\t<\/div>\n\t\t\t\t<\/div>\n\t\t\t\t\t<\/div>\n\t\t\t\t<\/div>\n\t\t<div class=\"elementor-element elementor-element-9d3ee6d e-flex e-con-boxed e-con e-parent\" data-id=\"9d3ee6d\" data-element_type=\"container\" data-e-type=\"container\">\n\t\t\t\t\t<div class=\"e-con-inner\">\n\t\t<div class=\"elementor-element elementor-element-a8d2878 e-con-full e-flex e-con e-child\" data-id=\"a8d2878\" data-element_type=\"container\" data-e-type=\"container\">\n\t\t\t\t<\/div>\n\t\t<div class=\"elementor-element elementor-element-f117938 e-con-full e-flex e-con e-child\" data-id=\"f117938\" data-element_type=\"container\" data-e-type=\"container\">\n\t\t\t\t<div class=\"elementor-element elementor-element-f7defc2 elementor-align-center elementor-widget elementor-widget-button\" data-id=\"f7defc2\" data-element_type=\"widget\" data-e-type=\"widget\" data-widget_type=\"button.default\">\n\t\t\t\t<div class=\"elementor-widget-container\">\n\t\t\t\t\t\t\t\t\t<div class=\"elementor-button-wrapper\">\n\t\t\t\t\t<a class=\"elementor-button elementor-button-link elementor-size-sm\" href=\"https:\/\/www.logisticauno.com\/en\/news\/\">\n\t\t\t\t\t\t<span class=\"elementor-button-content-wrapper\">\n\t\t\t\t\t\t\t\t\t<span class=\"elementor-button-text\">BACK TO NEWS<\/span>\n\t\t\t\t\t<\/span>\n\t\t\t\t\t<\/a>\n\t\t\t\t<\/div>\n\t\t\t\t\t\t\t\t<\/div>\n\t\t\t\t<\/div>\n\t\t\t\t<\/div>\n\t\t<div class=\"elementor-element elementor-element-725cfe5 e-con-full e-flex e-con e-child\" data-id=\"725cfe5\" data-element_type=\"container\" data-e-type=\"container\">\n\t\t\t\t<\/div>\n\t\t\t\t\t<\/div>\n\t\t\t\t<\/div>\n\t\t<div class=\"elementor-element elementor-element-f165a6e e-flex e-con-boxed e-con e-parent\" data-id=\"f165a6e\" data-element_type=\"container\" data-e-type=\"container\">\n\t\t\t\t\t<div class=\"e-con-inner\">\n\t\t<div class=\"elementor-element elementor-element-1f12b6b e-con-full e-flex e-con e-child\" data-id=\"1f12b6b\" data-element_type=\"container\" data-e-type=\"container\">\n\t\t\t\t<div class=\"elementor-element elementor-element-96d61e4 elementor-post-navigation-borders-yes elementor-widget elementor-widget-post-navigation\" data-id=\"96d61e4\" data-element_type=\"widget\" data-e-type=\"widget\" data-widget_type=\"post-navigation.default\">\n\t\t\t\t<div class=\"elementor-widget-container\">\n\t\t\t\t\t\t\t<div class=\"elementor-post-navigation\" role=\"navigation\" aria-label=\"Post Navigation\">\n\t\t\t<div class=\"elementor-post-navigation__prev elementor-post-navigation__link\">\n\t\t\t\t<a href=\"https:\/\/www.logisticauno.com\/en\/logistica-uno-vince-il-premio-sustainability-award-2025-2\/\" rel=\"prev\"><span class=\"elementor-post-navigation__link__prev\"><span class=\"post-navigation__prev--label\">Previous article<\/span><span class=\"post-navigation__prev--title\">Logistica Uno vince il Premio Sustainability Award 2025<\/span><\/span><\/a>\t\t\t<\/div>\n\t\t\t\t\t\t\t<div class=\"elementor-post-navigation__separator-wrapper\">\n\t\t\t\t\t<div class=\"elementor-post-navigation__separator\"><\/div>\n\t\t\t\t<\/div>\n\t\t\t\t\t\t<div class=\"elementor-post-navigation__next elementor-post-navigation__link\">\n\t\t\t\t<a href=\"https:\/\/www.logisticauno.com\/en\/logistica-uno-vince-il-premio-nazionale-adriano-olivetti\/\" rel=\"next\"><span class=\"elementor-post-navigation__link__next\"><span class=\"post-navigation__next--label\">Next article<\/span><span class=\"post-navigation__next--title\">Logistica Uno vince il Premio Nazionale Adriano Olivetti<\/span><\/span><\/a>\t\t\t<\/div>\n\t\t<\/div>\n\t\t\t\t\t\t<\/div>\n\t\t\t\t<\/div>\n\t\t\t\t<\/div>\n\t\t\t\t\t<\/div>\n\t\t\t\t<\/div>\n\t\t\t\t<\/div>","protected":false},"excerpt":{"rendered":"<p>Il Gruppo Sanpellegrino grazie all\u2019accordo siglato con Logistica Uno sar\u00e0 la prima azienda a utilizzare questo collegamento per il trasporto di Acqua Panna fino al<\/p>","protected":false},"author":3,"featured_media":15883,"comment_status":"closed","ping_status":"closed","sticky":false,"template":"","format":"standard","meta":{"footnotes":""},"categories":[135],"tags":[],"class_list":["post-15882","post","type-post","status-publish","format-standard","has-post-thumbnail","hentry","category-stampa"],"yoast_head":"<!-- This site is optimized with the Yoast SEO plugin v27.2 - https:\/\/yoast.com\/product\/yoast-seo-wordpress\/ -->\n<title>Inaugurato il nuovo Collegamento Ferroviario Intermodale tra Interporto della Toscana Centrale e Terminal Darsena Toscana per una logistica sostenibile - Logistica Uno<\/title>\n<meta name=\"robots\" content=\"index, follow, max-snippet:-1, max-image-preview:large, max-video-preview:-1\" \/>\n<link rel=\"canonical\" href=\"https:\/\/www.logisticauno.com\/en\/inaugurato-il-nuovo-collegamento-ferroviario-intermodale-tra-interporto-della-toscana-centrale-e-terminal-darsena-toscana-per-una-logistica-sostenibile\/\" \/>\n<meta property=\"og:locale\" content=\"en_GB\" \/>\n<meta property=\"og:type\" content=\"article\" \/>\n<meta property=\"og:title\" content=\"Inaugurato il nuovo Collegamento Ferroviario Intermodale tra Interporto della Toscana Centrale e Terminal Darsena Toscana per una logistica sostenibile - Logistica Uno\" \/>\n<meta property=\"og:description\" content=\"Il Gruppo Sanpellegrino grazie all\u2019accordo siglato con Logistica Uno sar\u00e0 la prima azienda a utilizzare questo collegamento per il trasporto di Acqua Panna fino al\" \/>\n<meta property=\"og:url\" content=\"https:\/\/www.logisticauno.com\/en\/inaugurato-il-nuovo-collegamento-ferroviario-intermodale-tra-interporto-della-toscana-centrale-e-terminal-darsena-toscana-per-una-logistica-sostenibile\/\" \/>\n<meta property=\"og:site_name\" content=\"Logistica Uno\" \/>\n<meta property=\"article:publisher\" content=\"https:\/\/www.facebook.com\/logisticauno\" \/>\n<meta property=\"article:published_time\" content=\"2024-07-18T09:57:53+00:00\" \/>\n<meta property=\"article:modified_time\" content=\"2026-02-18T17:20:32+00:00\" \/>\n<meta property=\"og:image\" content=\"https:\/\/www.logisticauno.com\/wp-content\/uploads\/2024\/07\/foto-treno-interporto.jpeg\" \/>\n\t<meta property=\"og:image:width\" content=\"1075\" \/>\n\t<meta property=\"og:image:height\" content=\"587\" \/>\n\t<meta property=\"og:image:type\" content=\"image\/jpeg\" \/>\n<meta name=\"author\" content=\"LogisticaUno LogisticaUno\" \/>\n<meta name=\"twitter:card\" content=\"summary_large_image\" \/>\n<meta name=\"twitter:label1\" content=\"Written by\" \/>\n\t<meta name=\"twitter:data1\" content=\"LogisticaUno LogisticaUno\" \/>\n\t<meta name=\"twitter:label2\" content=\"Estimated reading time\" \/>\n\t<meta name=\"twitter:data2\" content=\"7 minutes\" \/>\n<script type=\"application\/ld+json\" class=\"yoast-schema-graph\">{\"@context\":\"https:\/\/schema.org\",\"@graph\":[{\"@type\":\"Article\",\"@id\":\"https:\/\/www.logisticauno.com\/inaugurato-il-nuovo-collegamento-ferroviario-intermodale-tra-interporto-della-toscana-centrale-e-terminal-darsena-toscana-per-una-logistica-sostenibile\/#article\",\"isPartOf\":{\"@id\":\"https:\/\/www.logisticauno.com\/inaugurato-il-nuovo-collegamento-ferroviario-intermodale-tra-interporto-della-toscana-centrale-e-terminal-darsena-toscana-per-una-logistica-sostenibile\/\"},\"author\":{\"name\":\"LogisticaUno LogisticaUno\",\"@id\":\"https:\/\/www.logisticauno.com\/#\/schema\/person\/12dcb6aabf2586772e3e29f2215ff945\"},\"headline\":\"Inaugurato il nuovo Collegamento Ferroviario Intermodale tra Interporto della Toscana Centrale e Terminal Darsena Toscana per una logistica sostenibile\",\"datePublished\":\"2024-07-18T09:57:53+00:00\",\"dateModified\":\"2026-02-18T17:20:32+00:00\",\"mainEntityOfPage\":{\"@id\":\"https:\/\/www.logisticauno.com\/inaugurato-il-nuovo-collegamento-ferroviario-intermodale-tra-interporto-della-toscana-centrale-e-terminal-darsena-toscana-per-una-logistica-sostenibile\/\"},\"wordCount\":843,\"publisher\":{\"@id\":\"https:\/\/www.logisticauno.com\/#organization\"},\"image\":{\"@id\":\"https:\/\/www.logisticauno.com\/inaugurato-il-nuovo-collegamento-ferroviario-intermodale-tra-interporto-della-toscana-centrale-e-terminal-darsena-toscana-per-una-logistica-sostenibile\/#primaryimage\"},\"thumbnailUrl\":\"https:\/\/www.logisticauno.com\/wp-content\/uploads\/2024\/07\/foto-treno-interporto.jpeg\",\"articleSection\":[\"Stampa\"],\"inLanguage\":\"en-GB\"},{\"@type\":\"WebPage\",\"@id\":\"https:\/\/www.logisticauno.com\/inaugurato-il-nuovo-collegamento-ferroviario-intermodale-tra-interporto-della-toscana-centrale-e-terminal-darsena-toscana-per-una-logistica-sostenibile\/\",\"url\":\"https:\/\/www.logisticauno.com\/inaugurato-il-nuovo-collegamento-ferroviario-intermodale-tra-interporto-della-toscana-centrale-e-terminal-darsena-toscana-per-una-logistica-sostenibile\/\",\"name\":\"Inaugurato il nuovo Collegamento Ferroviario Intermodale tra Interporto della Toscana Centrale e Terminal Darsena Toscana per una logistica sostenibile - Logistica Uno\",\"isPartOf\":{\"@id\":\"https:\/\/www.logisticauno.com\/#website\"},\"primaryImageOfPage\":{\"@id\":\"https:\/\/www.logisticauno.com\/inaugurato-il-nuovo-collegamento-ferroviario-intermodale-tra-interporto-della-toscana-centrale-e-terminal-darsena-toscana-per-una-logistica-sostenibile\/#primaryimage\"},\"image\":{\"@id\":\"https:\/\/www.logisticauno.com\/inaugurato-il-nuovo-collegamento-ferroviario-intermodale-tra-interporto-della-toscana-centrale-e-terminal-darsena-toscana-per-una-logistica-sostenibile\/#primaryimage\"},\"thumbnailUrl\":\"https:\/\/www.logisticauno.com\/wp-content\/uploads\/2024\/07\/foto-treno-interporto.jpeg\",\"datePublished\":\"2024-07-18T09:57:53+00:00\",\"dateModified\":\"2026-02-18T17:20:32+00:00\",\"breadcrumb\":{\"@id\":\"https:\/\/www.logisticauno.com\/inaugurato-il-nuovo-collegamento-ferroviario-intermodale-tra-interporto-della-toscana-centrale-e-terminal-darsena-toscana-per-una-logistica-sostenibile\/#breadcrumb\"},\"inLanguage\":\"en-GB\",\"potentialAction\":[{\"@type\":\"ReadAction\",\"target\":[\"https:\/\/www.logisticauno.com\/inaugurato-il-nuovo-collegamento-ferroviario-intermodale-tra-interporto-della-toscana-centrale-e-terminal-darsena-toscana-per-una-logistica-sostenibile\/\"]}]},{\"@type\":\"ImageObject\",\"inLanguage\":\"en-GB\",\"@id\":\"https:\/\/www.logisticauno.com\/inaugurato-il-nuovo-collegamento-ferroviario-intermodale-tra-interporto-della-toscana-centrale-e-terminal-darsena-toscana-per-una-logistica-sostenibile\/#primaryimage\",\"url\":\"https:\/\/www.logisticauno.com\/wp-content\/uploads\/2024\/07\/foto-treno-interporto.jpeg\",\"contentUrl\":\"https:\/\/www.logisticauno.com\/wp-content\/uploads\/2024\/07\/foto-treno-interporto.jpeg\",\"width\":1075,\"height\":587},{\"@type\":\"BreadcrumbList\",\"@id\":\"https:\/\/www.logisticauno.com\/inaugurato-il-nuovo-collegamento-ferroviario-intermodale-tra-interporto-della-toscana-centrale-e-terminal-darsena-toscana-per-una-logistica-sostenibile\/#breadcrumb\",\"itemListElement\":[{\"@type\":\"ListItem\",\"position\":1,\"name\":\"Home\",\"item\":\"https:\/\/www.logisticauno.com\/\"},{\"@type\":\"ListItem\",\"position\":2,\"name\":\"Inaugurato il nuovo Collegamento Ferroviario Intermodale tra Interporto della Toscana Centrale e Terminal Darsena Toscana per una logistica sostenibile\"}]},{\"@type\":\"WebSite\",\"@id\":\"https:\/\/www.logisticauno.com\/#website\",\"url\":\"https:\/\/www.logisticauno.com\/\",\"name\":\"Logistica Uno\",\"description\":\"\",\"publisher\":{\"@id\":\"https:\/\/www.logisticauno.com\/#organization\"},\"potentialAction\":[{\"@type\":\"SearchAction\",\"target\":{\"@type\":\"EntryPoint\",\"urlTemplate\":\"https:\/\/www.logisticauno.com\/?s={search_term_string}\"},\"query-input\":{\"@type\":\"PropertyValueSpecification\",\"valueRequired\":true,\"valueName\":\"search_term_string\"}}],\"inLanguage\":\"en-GB\"},{\"@type\":\"Organization\",\"@id\":\"https:\/\/www.logisticauno.com\/#organization\",\"name\":\"Logistica Uno\",\"url\":\"https:\/\/www.logisticauno.com\/\",\"logo\":{\"@type\":\"ImageObject\",\"inLanguage\":\"en-GB\",\"@id\":\"https:\/\/www.logisticauno.com\/#\/schema\/logo\/image\/\",\"url\":\"https:\/\/www.logisticauno.com\/wp-content\/uploads\/2024\/01\/logo-vettoriale.png\",\"contentUrl\":\"https:\/\/www.logisticauno.com\/wp-content\/uploads\/2024\/01\/logo-vettoriale.png\",\"width\":169,\"height\":50,\"caption\":\"Logistica Uno\"},\"image\":{\"@id\":\"https:\/\/www.logisticauno.com\/#\/schema\/logo\/image\/\"},\"sameAs\":[\"https:\/\/www.facebook.com\/logisticauno\"]},{\"@type\":\"Person\",\"@id\":\"https:\/\/www.logisticauno.com\/#\/schema\/person\/12dcb6aabf2586772e3e29f2215ff945\",\"name\":\"LogisticaUno LogisticaUno\",\"image\":{\"@type\":\"ImageObject\",\"inLanguage\":\"en-GB\",\"@id\":\"https:\/\/secure.gravatar.com\/avatar\/a24c42cdd722d694b7b0d5134134bd32c2776a7a0e73b420c6ccd051a76575ba?s=96&d=mm&r=g\",\"url\":\"https:\/\/secure.gravatar.com\/avatar\/a24c42cdd722d694b7b0d5134134bd32c2776a7a0e73b420c6ccd051a76575ba?s=96&d=mm&r=g\",\"contentUrl\":\"https:\/\/secure.gravatar.com\/avatar\/a24c42cdd722d694b7b0d5134134bd32c2776a7a0e73b420c6ccd051a76575ba?s=96&d=mm&r=g\",\"caption\":\"LogisticaUno LogisticaUno\"},\"url\":\"https:\/\/www.logisticauno.com\/en\/author\/logisticaunoeurope\/\"}]}<\/script>\n<!-- \/ Yoast SEO plugin. -->","yoast_head_json":{"title":"Inaugurato il nuovo Collegamento Ferroviario Intermodale tra Interporto della Toscana Centrale e Terminal Darsena Toscana per una logistica sostenibile - Logistica Uno","robots":{"index":"index","follow":"follow","max-snippet":"max-snippet:-1","max-image-preview":"max-image-preview:large","max-video-preview":"max-video-preview:-1"},"canonical":"https:\/\/www.logisticauno.com\/en\/inaugurato-il-nuovo-collegamento-ferroviario-intermodale-tra-interporto-della-toscana-centrale-e-terminal-darsena-toscana-per-una-logistica-sostenibile\/","og_locale":"en_GB","og_type":"article","og_title":"Inaugurato il nuovo Collegamento Ferroviario Intermodale tra Interporto della Toscana Centrale e Terminal Darsena Toscana per una logistica sostenibile - Logistica Uno","og_description":"Il Gruppo Sanpellegrino grazie all\u2019accordo siglato con Logistica Uno sar\u00e0 la prima azienda a utilizzare questo collegamento per il trasporto di Acqua Panna fino al","og_url":"https:\/\/www.logisticauno.com\/en\/inaugurato-il-nuovo-collegamento-ferroviario-intermodale-tra-interporto-della-toscana-centrale-e-terminal-darsena-toscana-per-una-logistica-sostenibile\/","og_site_name":"Logistica Uno","article_publisher":"https:\/\/www.facebook.com\/logisticauno","article_published_time":"2024-07-18T09:57:53+00:00","article_modified_time":"2026-02-18T17:20:32+00:00","og_image":[{"width":1075,"height":587,"url":"https:\/\/www.logisticauno.com\/wp-content\/uploads\/2024\/07\/foto-treno-interporto.jpeg","type":"image\/jpeg"}],"author":"LogisticaUno LogisticaUno","twitter_card":"summary_large_image","twitter_misc":{"Written by":"LogisticaUno LogisticaUno","Estimated reading time":"7 minutes"},"schema":{"@context":"https:\/\/schema.org","@graph":[{"@type":"Article","@id":"https:\/\/www.logisticauno.com\/inaugurato-il-nuovo-collegamento-ferroviario-intermodale-tra-interporto-della-toscana-centrale-e-terminal-darsena-toscana-per-una-logistica-sostenibile\/#article","isPartOf":{"@id":"https:\/\/www.logisticauno.com\/inaugurato-il-nuovo-collegamento-ferroviario-intermodale-tra-interporto-della-toscana-centrale-e-terminal-darsena-toscana-per-una-logistica-sostenibile\/"},"author":{"name":"LogisticaUno LogisticaUno","@id":"https:\/\/www.logisticauno.com\/#\/schema\/person\/12dcb6aabf2586772e3e29f2215ff945"},"headline":"Inaugurato il nuovo Collegamento Ferroviario Intermodale tra Interporto della Toscana Centrale e Terminal Darsena Toscana per una logistica sostenibile","datePublished":"2024-07-18T09:57:53+00:00","dateModified":"2026-02-18T17:20:32+00:00","mainEntityOfPage":{"@id":"https:\/\/www.logisticauno.com\/inaugurato-il-nuovo-collegamento-ferroviario-intermodale-tra-interporto-della-toscana-centrale-e-terminal-darsena-toscana-per-una-logistica-sostenibile\/"},"wordCount":843,"publisher":{"@id":"https:\/\/www.logisticauno.com\/#organization"},"image":{"@id":"https:\/\/www.logisticauno.com\/inaugurato-il-nuovo-collegamento-ferroviario-intermodale-tra-interporto-della-toscana-centrale-e-terminal-darsena-toscana-per-una-logistica-sostenibile\/#primaryimage"},"thumbnailUrl":"https:\/\/www.logisticauno.com\/wp-content\/uploads\/2024\/07\/foto-treno-interporto.jpeg","articleSection":["Stampa"],"inLanguage":"en-GB"},{"@type":"WebPage","@id":"https:\/\/www.logisticauno.com\/inaugurato-il-nuovo-collegamento-ferroviario-intermodale-tra-interporto-della-toscana-centrale-e-terminal-darsena-toscana-per-una-logistica-sostenibile\/","url":"https:\/\/www.logisticauno.com\/inaugurato-il-nuovo-collegamento-ferroviario-intermodale-tra-interporto-della-toscana-centrale-e-terminal-darsena-toscana-per-una-logistica-sostenibile\/","name":"Inaugurato il nuovo Collegamento Ferroviario Intermodale tra Interporto della Toscana Centrale e Terminal Darsena Toscana per una logistica sostenibile - Logistica Uno","isPartOf":{"@id":"https:\/\/www.logisticauno.com\/#website"},"primaryImageOfPage":{"@id":"https:\/\/www.logisticauno.com\/inaugurato-il-nuovo-collegamento-ferroviario-intermodale-tra-interporto-della-toscana-centrale-e-terminal-darsena-toscana-per-una-logistica-sostenibile\/#primaryimage"},"image":{"@id":"https:\/\/www.logisticauno.com\/inaugurato-il-nuovo-collegamento-ferroviario-intermodale-tra-interporto-della-toscana-centrale-e-terminal-darsena-toscana-per-una-logistica-sostenibile\/#primaryimage"},"thumbnailUrl":"https:\/\/www.logisticauno.com\/wp-content\/uploads\/2024\/07\/foto-treno-interporto.jpeg","datePublished":"2024-07-18T09:57:53+00:00","dateModified":"2026-02-18T17:20:32+00:00","breadcrumb":{"@id":"https:\/\/www.logisticauno.com\/inaugurato-il-nuovo-collegamento-ferroviario-intermodale-tra-interporto-della-toscana-centrale-e-terminal-darsena-toscana-per-una-logistica-sostenibile\/#breadcrumb"},"inLanguage":"en-GB","potentialAction":[{"@type":"ReadAction","target":["https:\/\/www.logisticauno.com\/inaugurato-il-nuovo-collegamento-ferroviario-intermodale-tra-interporto-della-toscana-centrale-e-terminal-darsena-toscana-per-una-logistica-sostenibile\/"]}]},{"@type":"ImageObject","inLanguage":"en-GB","@id":"https:\/\/www.logisticauno.com\/inaugurato-il-nuovo-collegamento-ferroviario-intermodale-tra-interporto-della-toscana-centrale-e-terminal-darsena-toscana-per-una-logistica-sostenibile\/#primaryimage","url":"https:\/\/www.logisticauno.com\/wp-content\/uploads\/2024\/07\/foto-treno-interporto.jpeg","contentUrl":"https:\/\/www.logisticauno.com\/wp-content\/uploads\/2024\/07\/foto-treno-interporto.jpeg","width":1075,"height":587},{"@type":"BreadcrumbList","@id":"https:\/\/www.logisticauno.com\/inaugurato-il-nuovo-collegamento-ferroviario-intermodale-tra-interporto-della-toscana-centrale-e-terminal-darsena-toscana-per-una-logistica-sostenibile\/#breadcrumb","itemListElement":[{"@type":"ListItem","position":1,"name":"Home","item":"https:\/\/www.logisticauno.com\/"},{"@type":"ListItem","position":2,"name":"Inaugurato il nuovo Collegamento Ferroviario Intermodale tra Interporto della Toscana Centrale e Terminal Darsena Toscana per una logistica sostenibile"}]},{"@type":"WebSite","@id":"https:\/\/www.logisticauno.com\/#website","url":"https:\/\/www.logisticauno.com\/","name":"Logistica Uno","description":"","publisher":{"@id":"https:\/\/www.logisticauno.com\/#organization"},"potentialAction":[{"@type":"SearchAction","target":{"@type":"EntryPoint","urlTemplate":"https:\/\/www.logisticauno.com\/?s={search_term_string}"},"query-input":{"@type":"PropertyValueSpecification","valueRequired":true,"valueName":"search_term_string"}}],"inLanguage":"en-GB"},{"@type":"Organization","@id":"https:\/\/www.logisticauno.com\/#organization","name":"Logistica Uno","url":"https:\/\/www.logisticauno.com\/","logo":{"@type":"ImageObject","inLanguage":"en-GB","@id":"https:\/\/www.logisticauno.com\/#\/schema\/logo\/image\/","url":"https:\/\/www.logisticauno.com\/wp-content\/uploads\/2024\/01\/logo-vettoriale.png","contentUrl":"https:\/\/www.logisticauno.com\/wp-content\/uploads\/2024\/01\/logo-vettoriale.png","width":169,"height":50,"caption":"Logistica Uno"},"image":{"@id":"https:\/\/www.logisticauno.com\/#\/schema\/logo\/image\/"},"sameAs":["https:\/\/www.facebook.com\/logisticauno"]},{"@type":"Person","@id":"https:\/\/www.logisticauno.com\/#\/schema\/person\/12dcb6aabf2586772e3e29f2215ff945","name":"LogisticaUno LogisticaUno","image":{"@type":"ImageObject","inLanguage":"en-GB","@id":"https:\/\/secure.gravatar.com\/avatar\/a24c42cdd722d694b7b0d5134134bd32c2776a7a0e73b420c6ccd051a76575ba?s=96&d=mm&r=g","url":"https:\/\/secure.gravatar.com\/avatar\/a24c42cdd722d694b7b0d5134134bd32c2776a7a0e73b420c6ccd051a76575ba?s=96&d=mm&r=g","contentUrl":"https:\/\/secure.gravatar.com\/avatar\/a24c42cdd722d694b7b0d5134134bd32c2776a7a0e73b420c6ccd051a76575ba?s=96&d=mm&r=g","caption":"LogisticaUno LogisticaUno"},"url":"https:\/\/www.logisticauno.com\/en\/author\/logisticaunoeurope\/"}]}},"_links":{"self":[{"href":"https:\/\/www.logisticauno.com\/en\/wp-json\/wp\/v2\/posts\/15882","targetHints":{"allow":["GET"]}}],"collection":[{"href":"https:\/\/www.logisticauno.com\/en\/wp-json\/wp\/v2\/posts"}],"about":[{"href":"https:\/\/www.logisticauno.com\/en\/wp-json\/wp\/v2\/types\/post"}],"author":[{"embeddable":true,"href":"https:\/\/www.logisticauno.com\/en\/wp-json\/wp\/v2\/users\/3"}],"replies":[{"embeddable":true,"href":"https:\/\/www.logisticauno.com\/en\/wp-json\/wp\/v2\/comments?post=15882"}],"version-history":[{"count":8,"href":"https:\/\/www.logisticauno.com\/en\/wp-json\/wp\/v2\/posts\/15882\/revisions"}],"predecessor-version":[{"id":20108,"href":"https:\/\/www.logisticauno.com\/en\/wp-json\/wp\/v2\/posts\/15882\/revisions\/20108"}],"wp:featuredmedia":[{"embeddable":true,"href":"https:\/\/www.logisticauno.com\/en\/wp-json\/wp\/v2\/media\/15883"}],"wp:attachment":[{"href":"https:\/\/www.logisticauno.com\/en\/wp-json\/wp\/v2\/media?parent=15882"}],"wp:term":[{"taxonomy":"category","embeddable":true,"href":"https:\/\/www.logisticauno.com\/en\/wp-json\/wp\/v2\/categories?post=15882"},{"taxonomy":"post_tag","embeddable":true,"href":"https:\/\/www.logisticauno.com\/en\/wp-json\/wp\/v2\/tags?post=15882"}],"curies":[{"name":"wp","href":"https:\/\/api.w.org\/{rel}","templated":true}]}}